{"id":4082,"date":"2022-04-22T18:40:10","date_gmt":"2022-04-22T16:40:10","guid":{"rendered":"http:\/\/ich-offen-sive.de\/?p=4082"},"modified":"2023-09-14T12:06:39","modified_gmt":"2023-09-14T10:06:39","slug":"bury-the-axe-enterre-la-hache-de-guerre","status":"publish","type":"post","link":"https:\/\/ich-offen-sive.de\/fr\/bury-the-axe-enterre-la-hache-de-guerre\/","title":{"rendered":"Bury the axe &#8211; Enterre la hache de guerre"},"content":{"rendered":"<div data-elementor-type=\"wp-post\" data-elementor-id=\"4082\" class=\"elementor elementor-4082\">\n\t\t\t\t\t\t\t\t\t<section class=\"elementor-section elementor-top-section elementor-element elementor-element-54f707b elementor-section-boxed elementor-section-height-default elementor-section-height-default\" data-id=\"54f707b\" data-element_type=\"section\">\n\t\t\t\t\t\t<div class=\"elementor-container elementor-column-gap-default\">\n\t\t\t\t\t<div class=\"elementor-column elementor-col-100 elementor-top-column elementor-element elementor-element-5bf1f15\" data-id=\"5bf1f15\" data-element_type=\"column\">\n\t\t\t<div class=\"elementor-widget-wrap elementor-element-populated\">\n\t\t\t\t\t\t\t\t<div class=\"elementor-element elementor-element-178cd0d elementor-widget elementor-widget-image\" data-id=\"178cd0d\" data-element_type=\"widget\" data-widget_type=\"image.default\">\n\t\t\t\t<div class=\"elementor-widget-container\">\n\t\t\t<style>\/*! elementor - v3.12.1 - 02-04-2023 *\/\n.elementor-widget-image{text-align:center}.elementor-widget-image a{display:inline-block}.elementor-widget-image a img[src$=\".svg\"]{width:48px}.elementor-widget-image img{vertical-align:middle;display:inline-block}<\/style>\t\t\t\t\t\t\t\t\t\t\t\t<img decoding=\"async\" loading=\"lazy\" width=\"1024\" height=\"413\" src=\"https:\/\/ich-offen-sive.de\/wp-content\/uploads\/FB_HAKA_Augsburg-1024x413.jpg\" class=\"attachment-large size-large wp-image-4083\" alt=\"\" srcset=\"https:\/\/ich-offen-sive.de\/wp-content\/uploads\/FB_HAKA_Augsburg-1024x413.jpg 1024w, https:\/\/ich-offen-sive.de\/wp-content\/uploads\/FB_HAKA_Augsburg-300x121.jpg 300w, https:\/\/ich-offen-sive.de\/wp-content\/uploads\/FB_HAKA_Augsburg-768x310.jpg 768w, https:\/\/ich-offen-sive.de\/wp-content\/uploads\/FB_HAKA_Augsburg-18x7.jpg 18w, https:\/\/ich-offen-sive.de\/wp-content\/uploads\/FB_HAKA_Augsburg-830x335.jpg 830w, https:\/\/ich-offen-sive.de\/wp-content\/uploads\/FB_HAKA_Augsburg-230x93.jpg 230w, https:\/\/ich-offen-sive.de\/wp-content\/uploads\/FB_HAKA_Augsburg-350x141.jpg 350w, https:\/\/ich-offen-sive.de\/wp-content\/uploads\/FB_HAKA_Augsburg-480x193.jpg 480w, https:\/\/ich-offen-sive.de\/wp-content\/uploads\/FB_HAKA_Augsburg.jpg 1295w\" sizes=\"(max-width: 1024px) 100vw, 1024px\" \/>\t\t\t\t\t\t\t\t\t\t\t\t\t\t\t<\/div>\n\t\t\t\t<\/div>\n\t\t\t\t<div class=\"elementor-element elementor-element-ddb1e18 elementor-widget elementor-widget-text-editor\" data-id=\"ddb1e18\" data-element_type=\"widget\" data-widget_type=\"text-editor.default\">\n\t\t\t\t<div class=\"elementor-widget-container\">\n\t\t\t<style>\/*! elementor - v3.12.1 - 02-04-2023 *\/\n.elementor-widget-text-editor.elementor-drop-cap-view-stacked .elementor-drop-cap{background-color:#69727d;color:#fff}.elementor-widget-text-editor.elementor-drop-cap-view-framed .elementor-drop-cap{color:#69727d;border:3px solid;background-color:transparent}.elementor-widget-text-editor:not(.elementor-drop-cap-view-default) .elementor-drop-cap{margin-top:8px}.elementor-widget-text-editor:not(.elementor-drop-cap-view-default) .elementor-drop-cap-letter{width:1em;height:1em}.elementor-widget-text-editor .elementor-drop-cap{float:left;text-align:center;line-height:1;font-size:50px}.elementor-widget-text-editor .elementor-drop-cap-letter{display:inline-block}<\/style>\t\t\t\t<div><p dir=\"auto\">H A K A Taparahi<\/p><div dir=\"auto\">avec <a href=\"https:\/\/toroa.weebly.com\/gallery.html\">Toroa Aperahama<\/a> et <a tabindex=\"0\" role=\"link\" href=\"https:\/\/janaritzen.de\/haka-lernen\">Jana Ritzen<\/a> \u00e0 Augsbourg<\/div><div dir=\"auto\">\u00a0<\/div><h3 dir=\"auto\"><strong><span style=\"color: #993300;\">BURY THE AXE - Un haka de la paix<\/span><\/strong><\/h3><\/div><div dir=\"auto\"><p>Quel week-end ...<\/p><p>...une fois de plus tellement puissant qu'il me semble personnellement que l'on ne peut pas vivre sans le haka, cette belle \u00e9nergie puissante, paisible et pourtant concentr\u00e9e sur le bien, la convivialit\u00e9, la marche en avant .... l'am\u00e9lioration et cela avec tellement de joie.<\/p><p>\u00a0<\/p><p>Le programme a \u00e9t\u00e9 charg\u00e9 :<\/p><p>une nouvelle langue, le maori, deux hakas en deux langues (maori et allemand), en plus de la coordination des mots et des mouvements et de tout ce qui remonte des processus int\u00e9rieurs ....<\/p><p>\u00a0<\/p><p>Comment \u00e9tait-il possible de faire tout cela en deux jours, avec une telle s\u00e9r\u00e9nit\u00e9 et un tel calme ?<\/p><p>Il y a eu de nombreuses pauses pour respirer et r\u00e9fl\u00e9chir, pour se rencontrer, \u00e9changer, parler profond\u00e9ment, gu\u00e9rir et rire ....<\/p><p>\u00a0<\/p><p>Dimanche apr\u00e8s-midi, un passage complet a atteint 10 minutes de haka \u00e0 pleine puissance.<\/p><p>Plusieurs fois de suite - hiiiiiiiii.<\/p><p>\u00a0<\/p><p>Stupeur incr\u00e9dule face \u00e0 l'\u00e9nergie qui s'\u00e9tait d\u00e9velopp\u00e9e et \u00e0 la puissance que nous avions cr\u00e9\u00e9e ensemble.\n \nE N O R M E .<\/p><p>\u00a0<\/p><p>Apr\u00e8s la derni\u00e8re performance :\nNous sommes assis en cercle et, gr\u00e2ce aux rituels de cl\u00f4ture de Toroa, nous sommes envelopp\u00e9s dans cette \u00e9nergie et nous nous asseyons dans un silence incroyablement calme, chaleureux et incroyablement paisible.<\/p><p>Nous tous ensemble, si diff\u00e9rents, et pourtant nous respirons ensemble cette atmosph\u00e8re \u00e9mouvante et nous la maintenons,<\/p><p>nous jouissons de cette paix, de cette solidarit\u00e9 lumineuse et chaleureuse, et nous ne pouvons que nous taire .....<\/p><p>..... l'\u00e9nergie guerri\u00e8re et fermement d\u00e9fensive du haka se transforme compl\u00e8tement en paix, en complicit\u00e9 et en lumi\u00e8re.<\/p><p>\u00a0<\/p><p>Quel cadeau !<\/p><\/div><div>\u00a0<\/div><div><div dir=\"auto\">\u00a0<\/div><\/div>\t\t\t\t\t\t<\/div>\n\t\t\t\t<\/div>\n\t\t\t\t\t<\/div>\n\t\t<\/div>\n\t\t\t\t\t\t\t<\/div>\n\t\t<\/section>\n\t\t\t\t\t\t\t<\/div>","protected":false},"excerpt":{"rendered":"<p>H A K A Taparahi mit Toroa Aperahama und Jana Ritzen in Augsburg\u00a0 BURY THE AXE &#8211; Ein Haka f\u00fcr den Frieden Was f\u00fcr ein Wochenende \u2026 wieder einmal soooo powervoll, dass es mir pers\u00f6nlich so vorkommt als k\u00f6nne man ohne Haka nicht leben, diese wundersch\u00f6ne starke Energie, friedvoll und so konzentriert auf Gutes, auf [&hellip;]<\/p>","protected":false},"author":1,"featured_media":4083,"comment_status":"open","ping_status":"open","sticky":false,"template":"","format":"standard","meta":{"jetpack_post_was_ever_published":false,"footnotes":"","jetpack_publicize_message":"","jetpack_is_tweetstorm":false,"jetpack_publicize_feature_enabled":true,"jetpack_social_post_already_shared":true,"jetpack_social_options":{"image_generator_settings":{"template":"highway","enabled":false}}},"categories":[1],"tags":[],"jetpack_publicize_connections":[],"yoast_head":"<!-- This site is optimized with the Yoast SEO plugin v20.4 - https:\/\/yoast.com\/wordpress\/plugins\/seo\/ -->\n<title>Bury the axe - Enterre la hache de guerre -<\/title>\n<meta name=\"robots\" content=\"index, follow, max-snippet:-1, max-image-preview:large, max-video-preview:-1\" \/>\n<link rel=\"canonical\" href=\"https:\/\/ich-offen-sive.de\/fr\/bury-the-axe-enterre-la-hache-de-guerre\/\" \/>\n<meta property=\"og:locale\" content=\"fr_FR\" \/>\n<meta property=\"og:type\" content=\"article\" \/>\n<meta property=\"og:title\" content=\"Bury the axe - Enterre la hache de guerre -\" \/>\n<meta property=\"og:description\" content=\"H A K A Taparahi mit Toroa Aperahama und Jana Ritzen in Augsburg\u00a0 BURY THE AXE &#8211; Ein Haka f\u00fcr den Frieden Was f\u00fcr ein Wochenende \u2026 wieder einmal soooo powervoll, dass es mir pers\u00f6nlich so vorkommt als k\u00f6nne man ohne Haka nicht leben, diese wundersch\u00f6ne starke Energie, friedvoll und so konzentriert auf Gutes, auf [&hellip;]\" \/>\n<meta property=\"og:url\" content=\"https:\/\/ich-offen-sive.de\/fr\/bury-the-axe-enterre-la-hache-de-guerre\/\" \/>\n<meta property=\"article:published_time\" content=\"2022-04-22T16:40:10+00:00\" \/>\n<meta property=\"article:modified_time\" content=\"2023-09-14T10:06:39+00:00\" \/>\n<meta property=\"og:image\" content=\"https:\/\/ich-offen-sive.de\/wp-content\/uploads\/FB_HAKA_Augsburg.jpg\" \/>\n\t<meta property=\"og:image:width\" content=\"1295\" \/>\n\t<meta property=\"og:image:height\" content=\"522\" \/>\n\t<meta property=\"og:image:type\" content=\"image\/jpeg\" \/>\n<meta name=\"author\" content=\"Kattka\" \/>\n<meta name=\"twitter:card\" content=\"summary_large_image\" \/>\n<meta name=\"twitter:label1\" content=\"\u00c9crit par\" \/>\n\t<meta name=\"twitter:data1\" content=\"Kattka\" \/>\n\t<meta name=\"twitter:label2\" content=\"Dur\u00e9e de lecture estim\u00e9e\" \/>\n\t<meta name=\"twitter:data2\" content=\"2 minutes\" \/>\n<script type=\"application\/ld+json\" class=\"yoast-schema-graph\">{\"@context\":\"https:\/\/schema.org\",\"@graph\":[{\"@type\":\"WebPage\",\"@id\":\"https:\/\/ich-offen-sive.de\/bury-the-axe-enterre-la-hache-de-guerre\/\",\"url\":\"https:\/\/ich-offen-sive.de\/bury-the-axe-enterre-la-hache-de-guerre\/\",\"name\":\"Bury the axe - Enterre la hache de guerre -\",\"isPartOf\":{\"@id\":\"https:\/\/ich-offen-sive.de\/#website\"},\"datePublished\":\"2022-04-22T16:40:10+00:00\",\"dateModified\":\"2023-09-14T10:06:39+00:00\",\"author\":{\"@id\":\"https:\/\/ich-offen-sive.de\/#\/schema\/person\/aefa4d38c4e1064a71a6c9bcab5e7b3e\"},\"breadcrumb\":{\"@id\":\"https:\/\/ich-offen-sive.de\/bury-the-axe-enterre-la-hache-de-guerre\/#breadcrumb\"},\"inLanguage\":\"fr-FR\",\"potentialAction\":[{\"@type\":\"ReadAction\",\"target\":[\"https:\/\/ich-offen-sive.de\/bury-the-axe-enterre-la-hache-de-guerre\/\"]}]},{\"@type\":\"BreadcrumbList\",\"@id\":\"https:\/\/ich-offen-sive.de\/bury-the-axe-enterre-la-hache-de-guerre\/#breadcrumb\",\"itemListElement\":[{\"@type\":\"ListItem\",\"position\":1,\"name\":\"Accueil\",\"item\":\"https:\/\/ich-offen-sive.de\/\"},{\"@type\":\"ListItem\",\"position\":2,\"name\":\"Bury the axe &#8211; Enterre la hache de guerre\"}]},{\"@type\":\"WebSite\",\"@id\":\"https:\/\/ich-offen-sive.de\/#website\",\"url\":\"https:\/\/ich-offen-sive.de\/\",\"name\":\"\",\"description\":\"Stark &amp; liebevoll beginnt bei DIR selbst\",\"potentialAction\":[{\"@type\":\"SearchAction\",\"target\":{\"@type\":\"EntryPoint\",\"urlTemplate\":\"https:\/\/ich-offen-sive.de\/?s={search_term_string}\"},\"query-input\":\"required name=search_term_string\"}],\"inLanguage\":\"fr-FR\"},{\"@type\":\"Person\",\"@id\":\"https:\/\/ich-offen-sive.de\/#\/schema\/person\/aefa4d38c4e1064a71a6c9bcab5e7b3e\",\"name\":\"Kattka\",\"image\":{\"@type\":\"ImageObject\",\"inLanguage\":\"fr-FR\",\"@id\":\"https:\/\/ich-offen-sive.de\/#\/schema\/person\/image\/\",\"url\":\"https:\/\/secure.gravatar.com\/avatar\/f43e5f4f61956c8376046fe728d5e631?s=96&d=blank&r=g\",\"contentUrl\":\"https:\/\/secure.gravatar.com\/avatar\/f43e5f4f61956c8376046fe728d5e631?s=96&d=blank&r=g\",\"caption\":\"Kattka\"},\"url\":\"https:\/\/ich-offen-sive.de\/fr\/author\/kattka\/\"}]}<\/script>\n<!-- \/ Yoast SEO plugin. -->","yoast_head_json":{"title":"Bury the axe - Enterre la hache de guerre -","robots":{"index":"index","follow":"follow","max-snippet":"max-snippet:-1","max-image-preview":"max-image-preview:large","max-video-preview":"max-video-preview:-1"},"canonical":"https:\/\/ich-offen-sive.de\/fr\/bury-the-axe-enterre-la-hache-de-guerre\/","og_locale":"fr_FR","og_type":"article","og_title":"Bury the axe - Enterre la hache de guerre -","og_description":"H A K A Taparahi mit Toroa Aperahama und Jana Ritzen in Augsburg\u00a0 BURY THE AXE &#8211; Ein Haka f\u00fcr den Frieden Was f\u00fcr ein Wochenende \u2026 wieder einmal soooo powervoll, dass es mir pers\u00f6nlich so vorkommt als k\u00f6nne man ohne Haka nicht leben, diese wundersch\u00f6ne starke Energie, friedvoll und so konzentriert auf Gutes, auf [&hellip;]","og_url":"https:\/\/ich-offen-sive.de\/fr\/bury-the-axe-enterre-la-hache-de-guerre\/","article_published_time":"2022-04-22T16:40:10+00:00","article_modified_time":"2023-09-14T10:06:39+00:00","og_image":[{"width":1295,"height":522,"url":"https:\/\/ich-offen-sive.de\/wp-content\/uploads\/FB_HAKA_Augsburg.jpg","type":"image\/jpeg"}],"author":"Kattka","twitter_card":"summary_large_image","twitter_misc":{"\u00c9crit par":"Kattka","Dur\u00e9e de lecture estim\u00e9e":"2 minutes"},"schema":{"@context":"https:\/\/schema.org","@graph":[{"@type":"WebPage","@id":"https:\/\/ich-offen-sive.de\/bury-the-axe-enterre-la-hache-de-guerre\/","url":"https:\/\/ich-offen-sive.de\/bury-the-axe-enterre-la-hache-de-guerre\/","name":"Bury the axe - Enterre la hache de guerre -","isPartOf":{"@id":"https:\/\/ich-offen-sive.de\/#website"},"datePublished":"2022-04-22T16:40:10+00:00","dateModified":"2023-09-14T10:06:39+00:00","author":{"@id":"https:\/\/ich-offen-sive.de\/#\/schema\/person\/aefa4d38c4e1064a71a6c9bcab5e7b3e"},"breadcrumb":{"@id":"https:\/\/ich-offen-sive.de\/bury-the-axe-enterre-la-hache-de-guerre\/#breadcrumb"},"inLanguage":"fr-FR","potentialAction":[{"@type":"ReadAction","target":["https:\/\/ich-offen-sive.de\/bury-the-axe-enterre-la-hache-de-guerre\/"]}]},{"@type":"BreadcrumbList","@id":"https:\/\/ich-offen-sive.de\/bury-the-axe-enterre-la-hache-de-guerre\/#breadcrumb","itemListElement":[{"@type":"ListItem","position":1,"name":"Accueil","item":"https:\/\/ich-offen-sive.de\/"},{"@type":"ListItem","position":2,"name":"Bury the axe &#8211; Enterre la hache de guerre"}]},{"@type":"WebSite","@id":"https:\/\/ich-offen-sive.de\/#website","url":"https:\/\/ich-offen-sive.de\/","name":"","description":"Stark &amp; liebevoll beginnt bei DIR selbst","potentialAction":[{"@type":"SearchAction","target":{"@type":"EntryPoint","urlTemplate":"https:\/\/ich-offen-sive.de\/?s={search_term_string}"},"query-input":"required name=search_term_string"}],"inLanguage":"fr-FR"},{"@type":"Person","@id":"https:\/\/ich-offen-sive.de\/#\/schema\/person\/aefa4d38c4e1064a71a6c9bcab5e7b3e","name":"Kattka","image":{"@type":"ImageObject","inLanguage":"fr-FR","@id":"https:\/\/ich-offen-sive.de\/#\/schema\/person\/image\/","url":"https:\/\/secure.gravatar.com\/avatar\/f43e5f4f61956c8376046fe728d5e631?s=96&d=blank&r=g","contentUrl":"https:\/\/secure.gravatar.com\/avatar\/f43e5f4f61956c8376046fe728d5e631?s=96&d=blank&r=g","caption":"Kattka"},"url":"https:\/\/ich-offen-sive.de\/fr\/author\/kattka\/"}]}},"jetpack_featured_media_url":"https:\/\/ich-offen-sive.de\/wp-content\/uploads\/FB_HAKA_Augsburg.jpg","jetpack_sharing_enabled":true,"jetpack_shortlink":"https:\/\/wp.me\/p804zd-13Q","_links":{"self":[{"href":"https:\/\/ich-offen-sive.de\/fr\/wp-json\/wp\/v2\/posts\/4082"}],"collection":[{"href":"https:\/\/ich-offen-sive.de\/fr\/wp-json\/wp\/v2\/posts"}],"about":[{"href":"https:\/\/ich-offen-sive.de\/fr\/wp-json\/wp\/v2\/types\/post"}],"author":[{"embeddable":true,"href":"https:\/\/ich-offen-sive.de\/fr\/wp-json\/wp\/v2\/users\/1"}],"replies":[{"embeddable":true,"href":"https:\/\/ich-offen-sive.de\/fr\/wp-json\/wp\/v2\/comments?post=4082"}],"version-history":[{"count":10,"href":"https:\/\/ich-offen-sive.de\/fr\/wp-json\/wp\/v2\/posts\/4082\/revisions"}],"predecessor-version":[{"id":5971,"href":"https:\/\/ich-offen-sive.de\/fr\/wp-json\/wp\/v2\/posts\/4082\/revisions\/5971"}],"wp:featuredmedia":[{"embeddable":true,"href":"https:\/\/ich-offen-sive.de\/fr\/wp-json\/wp\/v2\/media\/4083"}],"wp:attachment":[{"href":"https:\/\/ich-offen-sive.de\/fr\/wp-json\/wp\/v2\/media?parent=4082"}],"wp:term":[{"taxonomy":"category","embeddable":true,"href":"https:\/\/ich-offen-sive.de\/fr\/wp-json\/wp\/v2\/categories?post=4082"},{"taxonomy":"post_tag","embeddable":true,"href":"https:\/\/ich-offen-sive.de\/fr\/wp-json\/wp\/v2\/tags?post=4082"}],"curies":[{"name":"wp","href":"https:\/\/api.w.org\/{rel}","templated":true}]}}