{"id":2577,"date":"2020-03-08T22:56:38","date_gmt":"2020-03-08T21:56:38","guid":{"rendered":"http:\/\/ich-offen-sive.de\/?p=2577"},"modified":"2022-11-14T13:51:05","modified_gmt":"2022-11-14T12:51:05","slug":"wie-eine-franzoesische-erfindung-mich-mit-deutschem-bier-versoehnt","status":"publish","type":"post","link":"https:\/\/ich-offen-sive.de\/fr\/wie-eine-franzoesische-erfindung-mich-mit-deutschem-bier-versoehnt\/","title":{"rendered":"Comment une invention fran\u00e7aise m'a r\u00e9concili\u00e9 avec la bi\u00e8re allemande ...."},"content":{"rendered":"<h1><span style=\"color: #ff6600;\">Une alliance franco-allemande....&nbsp;<\/span><img decoding=\"async\" loading=\"lazy\" class=\"wp-image-2580 alignright\" src=\"http:\/\/ich-offen-sive.de\/wp-content\/uploads\/Biere-300x166.png\" alt=\"Biere\" width=\"206\" height=\"114\" srcset=\"https:\/\/ich-offen-sive.de\/wp-content\/uploads\/Biere-300x166.png 300w, https:\/\/ich-offen-sive.de\/wp-content\/uploads\/Biere-768x424.png 768w, https:\/\/ich-offen-sive.de\/wp-content\/uploads\/Biere-1024x566.png 1024w, https:\/\/ich-offen-sive.de\/wp-content\/uploads\/Biere-830x458.png 830w, https:\/\/ich-offen-sive.de\/wp-content\/uploads\/Biere-230x127.png 230w, https:\/\/ich-offen-sive.de\/wp-content\/uploads\/Biere-350x193.png 350w, https:\/\/ich-offen-sive.de\/wp-content\/uploads\/Biere-480x265.png 480w, https:\/\/ich-offen-sive.de\/wp-content\/uploads\/Biere.png 1280w\" sizes=\"(max-width: 206px) 100vw, 206px\" \/><\/h1>\n<p style=\"text-align: justify;\"><span style=\"color: #993300;\"><em>Eine franz\u00f6sische Erfindung, hergestellt aus Orangen, hochprozentig&nbsp;und dem Bier beigemischt, verwandelt dessen Harngelb in warmes vollmundiges Tieforange &#8230; und ich finde diese deutsch-franz\u00f6sische Alliance k\u00f6stlich.&nbsp;Oder algerisch-franz\u00f6sisch-deutsche Alliance?&nbsp; Schwer zu sagen, zumal sich in Corona-Zeiten sicher noch viiiele&nbsp;weitere \u00fcberraschende Alliancen ergeben &#8230;.<\/em><\/span><\/p>\n<p><span style=\"color: #ffffff;\">&#8230;<\/span><br \/>\n<img decoding=\"async\" loading=\"lazy\" class=\"wp-image-2591 alignleft\" src=\"http:\/\/ich-offen-sive.de\/wp-content\/uploads\/61GdAzOEO2L._AC_SX522_-178x300.jpg\" alt=\"61GdAzOEO2L._AC_SX522_\" width=\"124\" height=\"209\" srcset=\"https:\/\/ich-offen-sive.de\/wp-content\/uploads\/61GdAzOEO2L._AC_SX522_-178x300.jpg 178w, https:\/\/ich-offen-sive.de\/wp-content\/uploads\/61GdAzOEO2L._AC_SX522_-230x388.jpg 230w, https:\/\/ich-offen-sive.de\/wp-content\/uploads\/61GdAzOEO2L._AC_SX522_-350x591.jpg 350w, https:\/\/ich-offen-sive.de\/wp-content\/uploads\/61GdAzOEO2L._AC_SX522_-480x810.jpg 480w, https:\/\/ich-offen-sive.de\/wp-content\/uploads\/61GdAzOEO2L._AC_SX522_.jpg 522w\" sizes=\"(max-width: 124px) 100vw, 124px\" \/><img decoding=\"async\" loading=\"lazy\" class=\"size-medium wp-image-2586 alignleft\" src=\"http:\/\/ich-offen-sive.de\/wp-content\/uploads\/coronavirus-4904507_1280-300x200.png\" alt=\"coronavirus-4904507_1280\" width=\"300\" height=\"200\" srcset=\"https:\/\/ich-offen-sive.de\/wp-content\/uploads\/coronavirus-4904507_1280-300x200.png 300w, https:\/\/ich-offen-sive.de\/wp-content\/uploads\/coronavirus-4904507_1280-768x512.png 768w, https:\/\/ich-offen-sive.de\/wp-content\/uploads\/coronavirus-4904507_1280-1024x682.png 1024w, https:\/\/ich-offen-sive.de\/wp-content\/uploads\/coronavirus-4904507_1280-830x553.png 830w, https:\/\/ich-offen-sive.de\/wp-content\/uploads\/coronavirus-4904507_1280-230x153.png 230w, https:\/\/ich-offen-sive.de\/wp-content\/uploads\/coronavirus-4904507_1280-350x233.png 350w, https:\/\/ich-offen-sive.de\/wp-content\/uploads\/coronavirus-4904507_1280-480x320.png 480w, https:\/\/ich-offen-sive.de\/wp-content\/uploads\/coronavirus-4904507_1280-272x182.png 272w, https:\/\/ich-offen-sive.de\/wp-content\/uploads\/coronavirus-4904507_1280.png 1280w\" sizes=\"(max-width: 300px) 100vw, 300px\" \/><img decoding=\"async\" loading=\"lazy\" class=\"size-medium wp-image-2596 alignleft\" src=\"http:\/\/ich-offen-sive.de\/wp-content\/uploads\/Do-you-have-the-Wuhan-coronavirus-191x300.jpg\" alt=\"Do-you-have-the-Wuhan-coronavirus\" width=\"191\" height=\"300\" srcset=\"https:\/\/ich-offen-sive.de\/wp-content\/uploads\/Do-you-have-the-Wuhan-coronavirus-191x300.jpg 191w, https:\/\/ich-offen-sive.de\/wp-content\/uploads\/Do-you-have-the-Wuhan-coronavirus-230x361.jpg 230w, https:\/\/ich-offen-sive.de\/wp-content\/uploads\/Do-you-have-the-Wuhan-coronavirus-350x549.jpg 350w, https:\/\/ich-offen-sive.de\/wp-content\/uploads\/Do-you-have-the-Wuhan-coronavirus.jpg 421w\" sizes=\"(max-width: 191px) 100vw, 191px\" \/><\/p>\n<p>&nbsp;<\/p>\n<p>&nbsp;<\/p>\n<p>&nbsp;<\/p>\n<p>&nbsp;<\/p>\n<p>&nbsp;<\/p>\n<p>&nbsp;<\/p>\n<p>&nbsp;<\/p>\n<p><span style=\"color: #ffffff;\">&#8230;<\/span><\/p>\n<p><span style=\"color: #ffffff;\">&#8230;<\/span><\/p>\n<p>Il est rare qu'ici, en France, mon accent soit class\u00e9, \"identifi\u00e9\", et m\u00eame mon apparence ne permet pas de me reconna\u00eetre comme allemand.<\/p>\n<p>Desweiteren treffen fast alle allgemeinen deutschen Klischees&nbsp;kaum auf mich nicht zu : ich esse keine Wurst, weder zum Fr\u00fchst\u00fcck noch zu anderen Tageszeiten, ich trinke kein Bier, h\u00f6re kein Rammstein, bin weder gro\u00df noch abgeh\u00e4rtet &#8230;.<\/p>\n<p>J'ai donc d\u00e9j\u00e0 eu l'occasion d'exprimer mon incompr\u00e9hension face au fait que la cigogne m'ait jet\u00e9 au-dessus de l'Allemagne ...<\/p>\n<p>Nun,&nbsp;nach&nbsp;fast neun Jahren Frankreich muss ich eine schmerzliche, weil diese kokette Selbstdarstellung zerst\u00f6rende, Korrektur eingestehen &#8230;.<\/p>\n<p><img decoding=\"async\" loading=\"lazy\" class=\"size-medium wp-image-2583 alignright\" src=\"http:\/\/ich-offen-sive.de\/wp-content\/uploads\/Screenshot-105-206x300.png\" alt=\"Screenshot (105)\" width=\"206\" height=\"300\" srcset=\"https:\/\/ich-offen-sive.de\/wp-content\/uploads\/Screenshot-105-206x300.png 206w, https:\/\/ich-offen-sive.de\/wp-content\/uploads\/Screenshot-105-230x335.png 230w, https:\/\/ich-offen-sive.de\/wp-content\/uploads\/Screenshot-105-350x510.png 350w, https:\/\/ich-offen-sive.de\/wp-content\/uploads\/Screenshot-105-480x699.png 480w, https:\/\/ich-offen-sive.de\/wp-content\/uploads\/Screenshot-105.png 534w\" sizes=\"(max-width: 206px) 100vw, 206px\" \/><span style=\"color: #ffffff;\">&#8230;<\/span><\/p>\n<p style=\"padding-left: 30px;\"><span style=\"color: #993300;\"><strong>J'aime la bi\u00e8re depuis peu !<\/strong><\/span><\/p>\n<p>Mais seulement \u00e0 une condition fran\u00e7aise : le <span style=\"color: #ff9900;\"><strong>PICON<\/strong><\/span> !<\/p>\n<p>Der wird dem Bier beigemischt und ich liiiebe diesen kr\u00e4ftigen frischen Geschmack, der sich \u00fcber die Bitternis des Bieres legt und&nbsp;Harngelb in&nbsp;Tieforange verwandelt.&nbsp;(Prost!)<\/p>\n<p>Erfunden wurde das Getr\u00e4nk im Jahre 1837 von Ga\u00e9tan Picon w\u00e4hrend seines Milit\u00e4rdienstes in Algerien. Im Jahr 1872 kehrte Picon nach Frankreich zur\u00fcck und er\u00f6ffnete neben den drei Brennereien in Algier, Constantine und Annaba<span style=\"color: #000000;\">&nbsp;<span style=\"color: #808080;\">eine weitere Fabrik in Marseille. Heute noch in Betrieb verkauft sie j\u00e4hrlich rund vier Millionen Flaschen.&nbsp;<\/span><\/span><\/p>\n<p><span style=\"color: #993300;\"><strong>Picon wird aus frischen Orangen hergestellt, die zun\u00e4chst getrocknet und anschlie\u00dfend mit Alkohol vermischt werden.<\/strong> <\/span>Sein Geschmack wird w\u00e4hrend des Produktionsprozesses mit Enzian und Chinarinde verfeinert, die zu gleichen Teilen enthalten sind. Im letzten Schritt werden Zucker, Sirup und Karamell hinzugef\u00fcgt.<\/p>\n<p>Der urspr\u00fcngliche Alkoholgehalt von&nbsp;39&nbsp;% Vol. wurde erstmals in den 1970er Jahren auf 21&nbsp;% Vol. reduziert,&nbsp;und sp\u00e4ter im Jahr 1989 nochmals auf 18&nbsp;% . (Dank an Wikipedia)<\/p>\n<p>Bei meinen Recherchen bin ich noch auf andere interessante Kreationen gesto\u00dfen fernab von <span style=\"color: #993300;\">Radler\/Alster<\/span>, <span style=\"color: #993300;\">Colabier<\/span>, <span style=\"color: #993300;\">Almdudler<\/span>, <span style=\"color: #993300;\">Bananen-Weizen<\/span> und der <span style=\"color: #993300;\">Berliner Wei\u00dfen mit Schu\u00df<\/span>, soweit sogar mir bekannt.<\/p>\n<p>Zur&nbsp;<span style=\"color: #993300;\"><strong>Goa\u00df<\/strong><\/span> aus dunklem Bier, Cola und Kirschlik\u00f6r&nbsp;gibt es sogar einen Wikipedia-eintrag in Boarisch [keine Scherz!!! Zitat &#8222;<b>Goa\u00df<\/b>&nbsp;nennt ma im&nbsp;<a title=\"Boarisch\" href=\"https:\/\/bar.wikipedia.org\/wiki\/Boarisch\">Boarischn<\/a>&nbsp;ned nua Viecha, sonda aa a schwochs&nbsp;<a title=\"Bia\" href=\"https:\/\/bar.wikipedia.org\/wiki\/Bia\">Bia<\/a>, oiso a Bia mit an gringan Oikohoighoit.&#8220; https:\/\/bar.wikipedia.org\/wiki\/Goa%C3%9F_(Bia) ]<\/p>\n<p>Zun\u00e4chst eher inl\u00e4ndische Varianten, gefunden bei www.bier.de\/blog\/ :<\/p>\n<ul>\n<li><strong>Red Eye oder Bloody Beer:<\/strong>&nbsp;Pils oder helles Bier mit Tomatensaft, Tabasco, Pfeffer<\/li>\n<li><strong>Heller Moritz:<\/strong>&nbsp;Weizenbier mit Sekt<\/li>\n<li><strong>Churchill:<\/strong>&nbsp;Helles Bier\/Pils mit 3-4 cl Campari gemischt<\/li>\n<li><strong>Ladys Beer:&nbsp;<\/strong>6cl Rum und 1 cl Kirschsaft in ein hohes Glas geben und mit 250 ml Bockbier auff\u00fcllen.<\/li>\n<li><strong>Bismarck:&nbsp;<\/strong>Schwarzbier mit Champagner zu gleichen Teilen mischen.<\/li>\n<li><strong>Kalte Ente:<\/strong>&nbsp;Helles Bier (Pils) im Verh\u00e4ltnis 2:1 mit Zitronenbrause mischen und dazu einen Schuss Kirschlik\u00f6r.<\/li>\n<\/ul>\n<p>Andere Biercocktails verr\u00e4t z.B. <a href=\"https:\/\/www.t-online.de\/leben\/id_78610700\/si_10\/bier-cocktails.html\">t-online<\/a>&nbsp;:<\/p>\n<p><img decoding=\"async\" loading=\"lazy\" class=\"size-medium wp-image-2601 alignleft\" src=\"http:\/\/ich-offen-sive.de\/wp-content\/uploads\/Screenshot-113-1-300x231.png\" alt=\"Screenshot (113)\" width=\"300\" height=\"231\" srcset=\"https:\/\/ich-offen-sive.de\/wp-content\/uploads\/Screenshot-113-1-300x231.png 300w, https:\/\/ich-offen-sive.de\/wp-content\/uploads\/Screenshot-113-1-230x177.png 230w, https:\/\/ich-offen-sive.de\/wp-content\/uploads\/Screenshot-113-1-350x270.png 350w, https:\/\/ich-offen-sive.de\/wp-content\/uploads\/Screenshot-113-1-480x370.png 480w, https:\/\/ich-offen-sive.de\/wp-content\/uploads\/Screenshot-113-1.png 715w\" sizes=\"(max-width: 300px) 100vw, 300px\" \/>Von Thymian-Topping bis zum Pinacolada-bier voller \u00dcberraschungen.<\/p>\n<p>Ich verrate euch hier nur die&nbsp;<span style=\"color: #993300;\">Brasilianische Variante<\/span> als&nbsp;einem &#8222;Daiquiri &#8220; aus Michaelada Bier mit Limettensaft gemischt. Serviert wird das Ganze mit Salzrand.<\/p>\n<p>&nbsp;<\/p>\n<p>&nbsp;<\/p>\n<p>&nbsp;<\/p>\n<p>&nbsp;<\/p>\n<p><strong>Na dann w\u00fcnsche ich Euch wie immer von&nbsp;&nbsp;<img decoding=\"async\" loading=\"lazy\" class=\"alignnone wp-image-1536\" src=\"http:\/\/ich-offen-sive.de\/wp-content\/uploads\/herz-flamingo-294x300.png\" sizes=\"(max-width: 31px) 100vw, 31px\" srcset=\"http:\/\/ich-offen-sive.de\/wp-content\/uploads\/herz-flamingo-294x300.png 294w, http:\/\/ich-offen-sive.de\/wp-content\/uploads\/herz-flamingo-150x150.png 150w, http:\/\/ich-offen-sive.de\/wp-content\/uploads\/herz-flamingo-64x64.png 64w, http:\/\/ich-offen-sive.de\/wp-content\/uploads\/herz-flamingo-230x235.png 230w, http:\/\/ich-offen-sive.de\/wp-content\/uploads\/herz-flamingo.png 348w\" alt=\"herz flamingo\" width=\"31\" height=\"32\">&nbsp; eine beschwingte Zeit und &#8222;Wohl bekomm&#8217;s!&#8220;&nbsp;<\/strong><\/p>\n<p>&nbsp;<\/p>\n<p>&nbsp;<\/p>\n<p>&nbsp;<\/p>","protected":false},"excerpt":{"rendered":"<p>Eine deutsch-franz\u00f6sische Alliance&#8230;.&nbsp; Eine franz\u00f6sische Erfindung, hergestellt aus Orangen, hochprozentig&nbsp;und dem Bier beigemischt, verwandelt dessen Harngelb in warmes vollmundiges Tieforange &#8230; und ich finde diese deutsch-franz\u00f6sische Alliance k\u00f6stlich.&nbsp;Oder algerisch-franz\u00f6sisch-deutsche Alliance?&nbsp; Schwer zu sagen, zumal sich in Corona-Zeiten sicher noch viiiele&nbsp;weitere \u00fcberraschende Alliancen ergeben &#8230;. &#8230; &nbsp; &nbsp; &nbsp; &nbsp; &nbsp; &nbsp; &nbsp; &#8230; &#8230; Es [&hellip;]<\/p>","protected":false},"author":1,"featured_media":2578,"comment_status":"open","ping_status":"open","sticky":false,"template":"","format":"standard","meta":{"jetpack_post_was_ever_published":false,"footnotes":"","jetpack_publicize_message":"","jetpack_is_tweetstorm":false,"jetpack_publicize_feature_enabled":true,"jetpack_social_post_already_shared":true,"jetpack_social_options":{"image_generator_settings":{"template":"highway","enabled":false}}},"categories":[3],"tags":[],"jetpack_publicize_connections":[],"yoast_head":"<!-- This site is optimized with the Yoast SEO plugin v20.4 - https:\/\/yoast.com\/wordpress\/plugins\/seo\/ -->\n<title>Picon : wie mich eine franz\u00f6sische Erfindung mit deutschem Bier vers\u00f6hnt<\/title>\n<meta name=\"description\" content=\"Picon ist eine franz\u00f6sische Erfindung aus Frankreich. Aus Orangen hergestellt und hochprozentig wird es Bier beigemischt und verwandelt dessen Harngelb in warmes vollmundiges Tieforange .... und diese deutsch-franz\u00f6sische Alliance finde ich k\u00f6stlich.\" \/>\n<meta name=\"robots\" content=\"index, follow, max-snippet:-1, max-image-preview:large, max-video-preview:-1\" \/>\n<link rel=\"canonical\" href=\"https:\/\/ich-offen-sive.de\/fr\/wie-eine-franzoesische-erfindung-mich-mit-deutschem-bier-versoehnt\/\" \/>\n<meta property=\"og:locale\" content=\"fr_FR\" \/>\n<meta property=\"og:type\" content=\"article\" \/>\n<meta property=\"og:title\" content=\"Picon : wie mich eine franz\u00f6sische Erfindung mit deutschem Bier vers\u00f6hnt\" \/>\n<meta property=\"og:description\" content=\"Picon ist eine franz\u00f6sische Erfindung aus Frankreich. Aus Orangen hergestellt und hochprozentig wird es Bier beigemischt und verwandelt dessen Harngelb in warmes vollmundiges Tieforange .... und diese deutsch-franz\u00f6sische Alliance finde ich k\u00f6stlich.\" \/>\n<meta property=\"og:url\" content=\"https:\/\/ich-offen-sive.de\/fr\/wie-eine-franzoesische-erfindung-mich-mit-deutschem-bier-versoehnt\/\" \/>\n<meta property=\"article:published_time\" content=\"2020-03-08T21:56:38+00:00\" \/>\n<meta property=\"article:modified_time\" content=\"2022-11-14T12:51:05+00:00\" \/>\n<meta property=\"og:image\" content=\"https:\/\/ich-offen-sive.de\/wp-content\/uploads\/Picon.jpg\" \/>\n\t<meta property=\"og:image:width\" content=\"357\" \/>\n\t<meta property=\"og:image:height\" content=\"500\" \/>\n\t<meta property=\"og:image:type\" content=\"image\/jpeg\" \/>\n<meta name=\"author\" content=\"Kattka\" \/>\n<meta name=\"twitter:card\" content=\"summary_large_image\" \/>\n<meta name=\"twitter:label1\" content=\"\u00c9crit par\" \/>\n\t<meta name=\"twitter:data1\" content=\"Kattka\" \/>\n\t<meta name=\"twitter:label2\" content=\"Dur\u00e9e de lecture estim\u00e9e\" \/>\n\t<meta name=\"twitter:data2\" content=\"5 minutes\" \/>\n<script type=\"application\/ld+json\" class=\"yoast-schema-graph\">{\"@context\":\"https:\/\/schema.org\",\"@graph\":[{\"@type\":\"WebPage\",\"@id\":\"https:\/\/ich-offen-sive.de\/wie-eine-franzoesische-erfindung-mich-mit-deutschem-bier-versoehnt\/\",\"url\":\"https:\/\/ich-offen-sive.de\/wie-eine-franzoesische-erfindung-mich-mit-deutschem-bier-versoehnt\/\",\"name\":\"Picon : wie mich eine franz\u00f6sische Erfindung mit deutschem Bier vers\u00f6hnt\",\"isPartOf\":{\"@id\":\"https:\/\/ich-offen-sive.de\/#website\"},\"datePublished\":\"2020-03-08T21:56:38+00:00\",\"dateModified\":\"2022-11-14T12:51:05+00:00\",\"author\":{\"@id\":\"https:\/\/ich-offen-sive.de\/#\/schema\/person\/aefa4d38c4e1064a71a6c9bcab5e7b3e\"},\"description\":\"Picon ist eine franz\u00f6sische Erfindung aus Frankreich. Aus Orangen hergestellt und hochprozentig wird es Bier beigemischt und verwandelt dessen Harngelb in warmes vollmundiges Tieforange .... und diese deutsch-franz\u00f6sische Alliance finde ich k\u00f6stlich.\",\"breadcrumb\":{\"@id\":\"https:\/\/ich-offen-sive.de\/wie-eine-franzoesische-erfindung-mich-mit-deutschem-bier-versoehnt\/#breadcrumb\"},\"inLanguage\":\"fr-FR\",\"potentialAction\":[{\"@type\":\"ReadAction\",\"target\":[\"https:\/\/ich-offen-sive.de\/wie-eine-franzoesische-erfindung-mich-mit-deutschem-bier-versoehnt\/\"]}]},{\"@type\":\"BreadcrumbList\",\"@id\":\"https:\/\/ich-offen-sive.de\/wie-eine-franzoesische-erfindung-mich-mit-deutschem-bier-versoehnt\/#breadcrumb\",\"itemListElement\":[{\"@type\":\"ListItem\",\"position\":1,\"name\":\"Accueil\",\"item\":\"https:\/\/ich-offen-sive.de\/\"},{\"@type\":\"ListItem\",\"position\":2,\"name\":\"Wie eine franz\u00f6sische Erfindung mich mit deutschem Bier vers\u00f6hnt &#8230;.\"}]},{\"@type\":\"WebSite\",\"@id\":\"https:\/\/ich-offen-sive.de\/#website\",\"url\":\"https:\/\/ich-offen-sive.de\/\",\"name\":\"\",\"description\":\"Stark &amp; liebevoll beginnt bei DIR selbst\",\"potentialAction\":[{\"@type\":\"SearchAction\",\"target\":{\"@type\":\"EntryPoint\",\"urlTemplate\":\"https:\/\/ich-offen-sive.de\/?s={search_term_string}\"},\"query-input\":\"required name=search_term_string\"}],\"inLanguage\":\"fr-FR\"},{\"@type\":\"Person\",\"@id\":\"https:\/\/ich-offen-sive.de\/#\/schema\/person\/aefa4d38c4e1064a71a6c9bcab5e7b3e\",\"name\":\"Kattka\",\"image\":{\"@type\":\"ImageObject\",\"inLanguage\":\"fr-FR\",\"@id\":\"https:\/\/ich-offen-sive.de\/#\/schema\/person\/image\/\",\"url\":\"https:\/\/secure.gravatar.com\/avatar\/f43e5f4f61956c8376046fe728d5e631?s=96&d=blank&r=g\",\"contentUrl\":\"https:\/\/secure.gravatar.com\/avatar\/f43e5f4f61956c8376046fe728d5e631?s=96&d=blank&r=g\",\"caption\":\"Kattka\"},\"url\":\"https:\/\/ich-offen-sive.de\/fr\/author\/kattka\/\"}]}<\/script>\n<!-- \/ Yoast SEO plugin. -->","yoast_head_json":{"title":"Picon : wie mich eine franz\u00f6sische Erfindung mit deutschem Bier vers\u00f6hnt","description":"Picon ist eine franz\u00f6sische Erfindung aus Frankreich. Aus Orangen hergestellt und hochprozentig wird es Bier beigemischt und verwandelt dessen Harngelb in warmes vollmundiges Tieforange .... und diese deutsch-franz\u00f6sische Alliance finde ich k\u00f6stlich.","robots":{"index":"index","follow":"follow","max-snippet":"max-snippet:-1","max-image-preview":"max-image-preview:large","max-video-preview":"max-video-preview:-1"},"canonical":"https:\/\/ich-offen-sive.de\/fr\/wie-eine-franzoesische-erfindung-mich-mit-deutschem-bier-versoehnt\/","og_locale":"fr_FR","og_type":"article","og_title":"Picon : wie mich eine franz\u00f6sische Erfindung mit deutschem Bier vers\u00f6hnt","og_description":"Picon ist eine franz\u00f6sische Erfindung aus Frankreich. Aus Orangen hergestellt und hochprozentig wird es Bier beigemischt und verwandelt dessen Harngelb in warmes vollmundiges Tieforange .... und diese deutsch-franz\u00f6sische Alliance finde ich k\u00f6stlich.","og_url":"https:\/\/ich-offen-sive.de\/fr\/wie-eine-franzoesische-erfindung-mich-mit-deutschem-bier-versoehnt\/","article_published_time":"2020-03-08T21:56:38+00:00","article_modified_time":"2022-11-14T12:51:05+00:00","og_image":[{"width":357,"height":500,"url":"https:\/\/ich-offen-sive.de\/wp-content\/uploads\/Picon.jpg","type":"image\/jpeg"}],"author":"Kattka","twitter_card":"summary_large_image","twitter_misc":{"\u00c9crit par":"Kattka","Dur\u00e9e de lecture estim\u00e9e":"5 minutes"},"schema":{"@context":"https:\/\/schema.org","@graph":[{"@type":"WebPage","@id":"https:\/\/ich-offen-sive.de\/wie-eine-franzoesische-erfindung-mich-mit-deutschem-bier-versoehnt\/","url":"https:\/\/ich-offen-sive.de\/wie-eine-franzoesische-erfindung-mich-mit-deutschem-bier-versoehnt\/","name":"Picon : wie mich eine franz\u00f6sische Erfindung mit deutschem Bier vers\u00f6hnt","isPartOf":{"@id":"https:\/\/ich-offen-sive.de\/#website"},"datePublished":"2020-03-08T21:56:38+00:00","dateModified":"2022-11-14T12:51:05+00:00","author":{"@id":"https:\/\/ich-offen-sive.de\/#\/schema\/person\/aefa4d38c4e1064a71a6c9bcab5e7b3e"},"description":"Picon ist eine franz\u00f6sische Erfindung aus Frankreich. Aus Orangen hergestellt und hochprozentig wird es Bier beigemischt und verwandelt dessen Harngelb in warmes vollmundiges Tieforange .... und diese deutsch-franz\u00f6sische Alliance finde ich k\u00f6stlich.","breadcrumb":{"@id":"https:\/\/ich-offen-sive.de\/wie-eine-franzoesische-erfindung-mich-mit-deutschem-bier-versoehnt\/#breadcrumb"},"inLanguage":"fr-FR","potentialAction":[{"@type":"ReadAction","target":["https:\/\/ich-offen-sive.de\/wie-eine-franzoesische-erfindung-mich-mit-deutschem-bier-versoehnt\/"]}]},{"@type":"BreadcrumbList","@id":"https:\/\/ich-offen-sive.de\/wie-eine-franzoesische-erfindung-mich-mit-deutschem-bier-versoehnt\/#breadcrumb","itemListElement":[{"@type":"ListItem","position":1,"name":"Accueil","item":"https:\/\/ich-offen-sive.de\/"},{"@type":"ListItem","position":2,"name":"Wie eine franz\u00f6sische Erfindung mich mit deutschem Bier vers\u00f6hnt &#8230;."}]},{"@type":"WebSite","@id":"https:\/\/ich-offen-sive.de\/#website","url":"https:\/\/ich-offen-sive.de\/","name":"","description":"Stark &amp; liebevoll beginnt bei DIR selbst","potentialAction":[{"@type":"SearchAction","target":{"@type":"EntryPoint","urlTemplate":"https:\/\/ich-offen-sive.de\/?s={search_term_string}"},"query-input":"required name=search_term_string"}],"inLanguage":"fr-FR"},{"@type":"Person","@id":"https:\/\/ich-offen-sive.de\/#\/schema\/person\/aefa4d38c4e1064a71a6c9bcab5e7b3e","name":"Kattka","image":{"@type":"ImageObject","inLanguage":"fr-FR","@id":"https:\/\/ich-offen-sive.de\/#\/schema\/person\/image\/","url":"https:\/\/secure.gravatar.com\/avatar\/f43e5f4f61956c8376046fe728d5e631?s=96&d=blank&r=g","contentUrl":"https:\/\/secure.gravatar.com\/avatar\/f43e5f4f61956c8376046fe728d5e631?s=96&d=blank&r=g","caption":"Kattka"},"url":"https:\/\/ich-offen-sive.de\/fr\/author\/kattka\/"}]}},"jetpack_featured_media_url":"https:\/\/ich-offen-sive.de\/wp-content\/uploads\/Picon.jpg","jetpack_sharing_enabled":true,"jetpack_shortlink":"https:\/\/wp.me\/p804zd-Fz","_links":{"self":[{"href":"https:\/\/ich-offen-sive.de\/fr\/wp-json\/wp\/v2\/posts\/2577"}],"collection":[{"href":"https:\/\/ich-offen-sive.de\/fr\/wp-json\/wp\/v2\/posts"}],"about":[{"href":"https:\/\/ich-offen-sive.de\/fr\/wp-json\/wp\/v2\/types\/post"}],"author":[{"embeddable":true,"href":"https:\/\/ich-offen-sive.de\/fr\/wp-json\/wp\/v2\/users\/1"}],"replies":[{"embeddable":true,"href":"https:\/\/ich-offen-sive.de\/fr\/wp-json\/wp\/v2\/comments?post=2577"}],"version-history":[{"count":10,"href":"https:\/\/ich-offen-sive.de\/fr\/wp-json\/wp\/v2\/posts\/2577\/revisions"}],"predecessor-version":[{"id":4512,"href":"https:\/\/ich-offen-sive.de\/fr\/wp-json\/wp\/v2\/posts\/2577\/revisions\/4512"}],"wp:featuredmedia":[{"embeddable":true,"href":"https:\/\/ich-offen-sive.de\/fr\/wp-json\/wp\/v2\/media\/2578"}],"wp:attachment":[{"href":"https:\/\/ich-offen-sive.de\/fr\/wp-json\/wp\/v2\/media?parent=2577"}],"wp:term":[{"taxonomy":"category","embeddable":true,"href":"https:\/\/ich-offen-sive.de\/fr\/wp-json\/wp\/v2\/categories?post=2577"},{"taxonomy":"post_tag","embeddable":true,"href":"https:\/\/ich-offen-sive.de\/fr\/wp-json\/wp\/v2\/tags?post=2577"}],"curies":[{"name":"wp","href":"https:\/\/api.w.org\/{rel}","templated":true}]}}