{"id":2497,"date":"2019-11-14T15:23:57","date_gmt":"2019-11-14T14:23:57","guid":{"rendered":"http:\/\/ich-offen-sive.de\/?p=2497"},"modified":"2019-11-14T15:23:57","modified_gmt":"2019-11-14T14:23:57","slug":"folgstdienst-du-deinen-gedanken-oder-dienen-deine-gedanken-dir","status":"publish","type":"post","link":"https:\/\/ich-offen-sive.de\/fr\/folgstdienst-du-deinen-gedanken-oder-dienen-deine-gedanken-dir\/","title":{"rendered":"Est-ce que tu suis\/sert tes pens\u00e9es - ou est-ce que tes pens\u00e9es te servent ?"},"content":{"rendered":"<h1><strong><span style=\"color: #993366;\">Le d\u00e9tracteur int\u00e9rieur<\/span><\/strong><\/h1>\n<h6 style=\"font-weight: 400;\"><em>De Wolfgang Koopmann<\/em><\/h6>\n<p style=\"font-weight: 400;\">Kennst Du das?<\/p>\n<p style=\"font-weight: 400;\">\n<p style=\"font-weight: 400; text-align: justify;\">Du arbeitest an einem Geschenk, willst es chic verpacken und es f\u00e4llt auf die Fliesen, zerspringt in viele kleine Teile.<\/p>\n<p style=\"font-weight: 400; text-align: justify;\">Was passiert jetzt?<\/p>\n<p style=\"font-weight: 400; text-align: justify;\">\u00c4rger \u00fcber sich selber, Vorw\u00fcrfe bis dahin, sich am liebsten selbst ohrfeigen zu wollen &#8230;.<\/p>\n<p style=\"font-weight: 400; text-align: justify;\">\n<p style=\"font-weight: 400; text-align: justify;\">Oder aber, hast Du neue Ideen, die Du gerne verwirklichen m\u00f6chtest. Traust Dich aber nicht, diese anzugehen und umzusetzen, weil sofort die Niederlage, das Scheitern vorm inneren Auge bunt und lebhaft auftaucht.<\/p>\n<p style=\"font-weight: 400; text-align: justify;\">\n<p style=\"font-weight: 400; text-align: justify;\"><img decoding=\"async\" loading=\"lazy\" class=\"wp-image-2502 alignright\" src=\"http:\/\/ich-offen-sive.de\/wp-content\/uploads\/loser-3096225_1280-300x200.jpg\" alt=\"loser-3096225_1280\" width=\"149\" height=\"99\" srcset=\"https:\/\/ich-offen-sive.de\/wp-content\/uploads\/loser-3096225_1280-300x200.jpg 300w, https:\/\/ich-offen-sive.de\/wp-content\/uploads\/loser-3096225_1280-768x512.jpg 768w, https:\/\/ich-offen-sive.de\/wp-content\/uploads\/loser-3096225_1280-1024x682.jpg 1024w, https:\/\/ich-offen-sive.de\/wp-content\/uploads\/loser-3096225_1280-830x553.jpg 830w, https:\/\/ich-offen-sive.de\/wp-content\/uploads\/loser-3096225_1280-230x153.jpg 230w, https:\/\/ich-offen-sive.de\/wp-content\/uploads\/loser-3096225_1280-350x233.jpg 350w, https:\/\/ich-offen-sive.de\/wp-content\/uploads\/loser-3096225_1280-480x320.jpg 480w, https:\/\/ich-offen-sive.de\/wp-content\/uploads\/loser-3096225_1280-272x182.jpg 272w, https:\/\/ich-offen-sive.de\/wp-content\/uploads\/loser-3096225_1280.jpg 1280w\" sizes=\"(max-width: 149px) 100vw, 149px\" \/>Dein innerer Kritiker sagt Dir immer wieder: \u201eDas kannst Du nicht, das schaffst du nicht.\u201c Er macht Dich regelm\u00e4\u00dfig auf Deine Schw\u00e4chen und Unsicherheiten aufmerksam. Somit schafft er es, uns immer wieder zu blockieren.<\/p>\n<p style=\"font-weight: 400;\">\n<p style=\"font-weight: 400;\">Jetzt ist die Frage:<\/p>\n<p style=\"font-weight: 400;\">\n<h6 style=\"font-weight: 400; text-align: justify;\">H\u00f6rst Du auf Deine innere Stimme\/den inneren Kritiker?<\/h6>\n<p style=\"font-weight: 400; text-align: justify;\">Oder marschierst Du los? Fertigst ein neues Geschenk, setzt Deine Ideen um? Wenn Ich Dir eins raten darf, dann : ignoriere diesen kleinen Fiesling.<\/p>\n<p style=\"font-weight: 400; text-align: justify;\">\n<p style=\"font-weight: 400; text-align: justify;\"><img decoding=\"async\" loading=\"lazy\" class=\"wp-image-2505 alignleft\" src=\"http:\/\/ich-offen-sive.de\/wp-content\/uploads\/thumb-794696_1280-300x300.png\" alt=\"thumb-794696_1280\" width=\"55\" height=\"55\" srcset=\"https:\/\/ich-offen-sive.de\/wp-content\/uploads\/thumb-794696_1280-300x300.png 300w, https:\/\/ich-offen-sive.de\/wp-content\/uploads\/thumb-794696_1280-150x150.png 150w, https:\/\/ich-offen-sive.de\/wp-content\/uploads\/thumb-794696_1280-768x768.png 768w, https:\/\/ich-offen-sive.de\/wp-content\/uploads\/thumb-794696_1280-1024x1024.png 1024w, https:\/\/ich-offen-sive.de\/wp-content\/uploads\/thumb-794696_1280-64x64.png 64w, https:\/\/ich-offen-sive.de\/wp-content\/uploads\/thumb-794696_1280-830x830.png 830w, https:\/\/ich-offen-sive.de\/wp-content\/uploads\/thumb-794696_1280-230x230.png 230w, https:\/\/ich-offen-sive.de\/wp-content\/uploads\/thumb-794696_1280-350x350.png 350w, https:\/\/ich-offen-sive.de\/wp-content\/uploads\/thumb-794696_1280-480x480.png 480w, https:\/\/ich-offen-sive.de\/wp-content\/uploads\/thumb-794696_1280.png 1280w\" sizes=\"(max-width: 55px) 100vw, 55px\" \/>Der Ursprung des inneren Kritikers liegt in der Kindheit, den Erfahrungen, die wir gemacht haben. Unsere Eltern haben uns mit Ihren Werten, Regeln, Geboten und Verboten erzogen. Daraus sind dann Glaubenss\u00e4tze entstanden, die sich tief im Unterbewusstsein verwurzeln. Sie bestimmen und beeinflussen Dein Leben.<\/p>\n<p style=\"font-weight: 400; text-align: justify;\">\n<p style=\"font-weight: 400; text-align: justify;\">Als Kind wollen wir unseren Eltern gefallen und speichern im Gehirn ab, wie wir dies erreichen. Verhalten, was von den Eltern als Fehlerhaft deklariert wird, wird bewu\u00dft abgespeichert, um dieses zuk\u00fcnftig zu vermeiden.<\/p>\n<p style=\"font-weight: 400; text-align: justify;\">\n<p style=\"font-weight: 400; text-align: justify;\">Bei zu viel Selbstkritik und zu wenig Selbstliebe sind entsprechende Selbstvorw\u00fcrfe die logische Folge. Wir haben gelernt, dass wir f\u00fcr Folgsamkeit und gute Leistungen entsprechende Anerkennung von unseren Vorbildern (Gro\u00dfeltern\/Eltern\/Lehrern) erhalten.<\/p>\n<p style=\"font-weight: 400; text-align: justify;\">\n<p style=\"font-weight: 400; text-align: justify;\">Sicherlich ist solche Programmierung \u00e4rgerlich und anstrengend. Aber\u2026.. es gibt M\u00f6glichkeiten der Heilung.<\/p>\n<p style=\"font-weight: 400; text-align: justify;\">\n<ol style=\"text-align: justify;\">\n<li style=\"font-weight: 400;\">\n<h6><span style=\"color: #993366;\">Distanziere Dich von Deinen Gedanken<\/span><\/h6>\n<\/li>\n<\/ol>\n<p style=\"font-weight: 400; text-align: justify;\">Mache Dir bewu\u00dft, dass Deine Glaubenss\u00e4tze nicht Du sind. Sie sind Konstrukte Deiner Erziehung, Deiner Erfahrungen, Deines Umfelds. Sie arbeiten oft gegen Dich.<\/p>\n<p style=\"font-weight: 400; text-align: justify;\">Klar sind negative Gedanken kontraproduktiv. Sie m\u00fcssen nicht wahr sein, nur weil Du es denkst. Auch wenn es immer hei\u00dft: \u201eMeine Gedanken werden Realit\u00e4t\u201c.<\/p>\n<p style=\"font-weight: 400; text-align: justify;\">Sobald Dir das bewu\u00dft ist, wird der innere Kritiker ruhig und l\u00e4sst Dich machen.<\/p>\n<p style=\"font-weight: 400; text-align: justify;\">\n<ol style=\"text-align: justify;\" start=\"2\">\n<li style=\"font-weight: 400;\">\n<h6><span style=\"color: #993366;\">Pr\u00fcfe negative Glaubenss\u00e4tze<\/span><\/h6>\n<\/li>\n<\/ol>\n<p style=\"font-weight: 400; text-align: justify;\">Frage dich:<\/p>\n<p style=\"font-weight: 400; text-align: justify;\">Wo kommt der Glaubenssatz her?<\/p>\n<p style=\"font-weight: 400; text-align: justify;\">Seit wann begleitet er mich?<\/p>\n<p style=\"font-weight: 400; text-align: justify;\">Ist er \u00fcberhaupt wahr?<\/p>\n<p style=\"font-weight: 400; text-align: justify;\">Je rationaler Du dich mit dem negativen Glaubenssatz besch\u00e4ftigst, desto leichter kannst Du Dich von ihm distanzieren.<\/p>\n<p style=\"font-weight: 400; text-align: justify;\">Das ist eine M\u00f6glichkeit, ihn aufzuheben.<\/p>\n<p style=\"font-weight: 400; text-align: justify;\">\n<ol style=\"text-align: justify;\" start=\"3\">\n<li style=\"font-weight: 400;\">\n<h6><span style=\"color: #993366;\">Hypnose<\/span><\/h6>\n<\/li>\n<\/ol>\n<p style=\"font-weight: 400;\">Sollten die ersten zwei Punkte nicht funktionieren, dann schau, ob Du einen Hypnotiseur findest, der oder dem Du vertraust.\u00a0Sie oder er\u00a0kann Dir helfen, innere Blockaden aufzul\u00f6sen.<\/p>\n<p style=\"font-weight: 400;\">","protected":false},"excerpt":{"rendered":"<p>Der Innere Kritiker Von Wolfgang Koopmann Kennst Du das? Du arbeitest an einem Geschenk, willst es chic verpacken und es f\u00e4llt auf die Fliesen, zerspringt in viele kleine Teile. Was passiert jetzt? \u00c4rger \u00fcber sich selber, Vorw\u00fcrfe bis dahin, sich am liebsten selbst ohrfeigen zu wollen &#8230;. Oder aber, hast Du neue Ideen, die Du [&hellip;]<\/p>","protected":false},"author":1,"featured_media":2498,"comment_status":"open","ping_status":"open","sticky":false,"template":"","format":"standard","meta":{"jetpack_post_was_ever_published":false,"footnotes":"","jetpack_publicize_message":"","jetpack_is_tweetstorm":false,"jetpack_publicize_feature_enabled":true,"jetpack_social_post_already_shared":true,"jetpack_social_options":{"image_generator_settings":{"template":"highway","enabled":false}}},"categories":[1],"tags":[],"jetpack_publicize_connections":[],"yoast_head":"<!-- This site is optimized with the Yoast SEO plugin v20.4 - https:\/\/yoast.com\/wordpress\/plugins\/seo\/ -->\n<title>Folgst\/dienst Du Deinen Gedanken - oder dienen Deine Gedanken Dir ?? -<\/title>\n<meta name=\"robots\" content=\"index, follow, max-snippet:-1, max-image-preview:large, max-video-preview:-1\" \/>\n<link rel=\"canonical\" href=\"https:\/\/ich-offen-sive.de\/fr\/folgstdienst-du-deinen-gedanken-oder-dienen-deine-gedanken-dir\/\" \/>\n<meta property=\"og:locale\" content=\"fr_FR\" \/>\n<meta property=\"og:type\" content=\"article\" \/>\n<meta property=\"og:title\" content=\"Folgst\/dienst Du Deinen Gedanken - oder dienen Deine Gedanken Dir ?? -\" \/>\n<meta property=\"og:description\" content=\"Der Innere Kritiker Von Wolfgang Koopmann Kennst Du das? Du arbeitest an einem Geschenk, willst es chic verpacken und es f\u00e4llt auf die Fliesen, zerspringt in viele kleine Teile. Was passiert jetzt? \u00c4rger \u00fcber sich selber, Vorw\u00fcrfe bis dahin, sich am liebsten selbst ohrfeigen zu wollen &#8230;. Oder aber, hast Du neue Ideen, die Du [&hellip;]\" \/>\n<meta property=\"og:url\" content=\"https:\/\/ich-offen-sive.de\/fr\/folgstdienst-du-deinen-gedanken-oder-dienen-deine-gedanken-dir\/\" \/>\n<meta property=\"article:published_time\" content=\"2019-11-14T14:23:57+00:00\" \/>\n<meta property=\"og:image\" content=\"https:\/\/ich-offen-sive.de\/wp-content\/uploads\/fantasy-3317298_1280.png\" \/>\n\t<meta property=\"og:image:width\" content=\"1280\" \/>\n\t<meta property=\"og:image:height\" content=\"588\" \/>\n\t<meta property=\"og:image:type\" content=\"image\/png\" \/>\n<meta name=\"author\" content=\"Kattka\" \/>\n<meta name=\"twitter:card\" content=\"summary_large_image\" \/>\n<meta name=\"twitter:label1\" content=\"\u00c9crit par\" \/>\n\t<meta name=\"twitter:data1\" content=\"Kattka\" \/>\n\t<meta name=\"twitter:label2\" content=\"Dur\u00e9e de lecture estim\u00e9e\" \/>\n\t<meta name=\"twitter:data2\" content=\"2 minutes\" \/>\n<script type=\"application\/ld+json\" class=\"yoast-schema-graph\">{\"@context\":\"https:\/\/schema.org\",\"@graph\":[{\"@type\":\"WebPage\",\"@id\":\"https:\/\/ich-offen-sive.de\/folgstdienst-du-deinen-gedanken-oder-dienen-deine-gedanken-dir\/\",\"url\":\"https:\/\/ich-offen-sive.de\/folgstdienst-du-deinen-gedanken-oder-dienen-deine-gedanken-dir\/\",\"name\":\"Folgst\/dienst Du Deinen Gedanken - oder dienen Deine Gedanken Dir ?? -\",\"isPartOf\":{\"@id\":\"https:\/\/ich-offen-sive.de\/#website\"},\"datePublished\":\"2019-11-14T14:23:57+00:00\",\"dateModified\":\"2019-11-14T14:23:57+00:00\",\"author\":{\"@id\":\"https:\/\/ich-offen-sive.de\/#\/schema\/person\/aefa4d38c4e1064a71a6c9bcab5e7b3e\"},\"breadcrumb\":{\"@id\":\"https:\/\/ich-offen-sive.de\/folgstdienst-du-deinen-gedanken-oder-dienen-deine-gedanken-dir\/#breadcrumb\"},\"inLanguage\":\"fr-FR\",\"potentialAction\":[{\"@type\":\"ReadAction\",\"target\":[\"https:\/\/ich-offen-sive.de\/folgstdienst-du-deinen-gedanken-oder-dienen-deine-gedanken-dir\/\"]}]},{\"@type\":\"BreadcrumbList\",\"@id\":\"https:\/\/ich-offen-sive.de\/folgstdienst-du-deinen-gedanken-oder-dienen-deine-gedanken-dir\/#breadcrumb\",\"itemListElement\":[{\"@type\":\"ListItem\",\"position\":1,\"name\":\"Accueil\",\"item\":\"https:\/\/ich-offen-sive.de\/\"},{\"@type\":\"ListItem\",\"position\":2,\"name\":\"Folgst\/dienst Du Deinen Gedanken &#8211; oder dienen Deine Gedanken Dir ??\"}]},{\"@type\":\"WebSite\",\"@id\":\"https:\/\/ich-offen-sive.de\/#website\",\"url\":\"https:\/\/ich-offen-sive.de\/\",\"name\":\"\",\"description\":\"Stark &amp; liebevoll beginnt bei DIR selbst\",\"potentialAction\":[{\"@type\":\"SearchAction\",\"target\":{\"@type\":\"EntryPoint\",\"urlTemplate\":\"https:\/\/ich-offen-sive.de\/?s={search_term_string}\"},\"query-input\":\"required name=search_term_string\"}],\"inLanguage\":\"fr-FR\"},{\"@type\":\"Person\",\"@id\":\"https:\/\/ich-offen-sive.de\/#\/schema\/person\/aefa4d38c4e1064a71a6c9bcab5e7b3e\",\"name\":\"Kattka\",\"image\":{\"@type\":\"ImageObject\",\"inLanguage\":\"fr-FR\",\"@id\":\"https:\/\/ich-offen-sive.de\/#\/schema\/person\/image\/\",\"url\":\"https:\/\/secure.gravatar.com\/avatar\/f43e5f4f61956c8376046fe728d5e631?s=96&d=blank&r=g\",\"contentUrl\":\"https:\/\/secure.gravatar.com\/avatar\/f43e5f4f61956c8376046fe728d5e631?s=96&d=blank&r=g\",\"caption\":\"Kattka\"},\"url\":\"https:\/\/ich-offen-sive.de\/fr\/author\/kattka\/\"}]}<\/script>\n<!-- \/ Yoast SEO plugin. -->","yoast_head_json":{"title":"Folgst\/dienst Du Deinen Gedanken - oder dienen Deine Gedanken Dir ?? -","robots":{"index":"index","follow":"follow","max-snippet":"max-snippet:-1","max-image-preview":"max-image-preview:large","max-video-preview":"max-video-preview:-1"},"canonical":"https:\/\/ich-offen-sive.de\/fr\/folgstdienst-du-deinen-gedanken-oder-dienen-deine-gedanken-dir\/","og_locale":"fr_FR","og_type":"article","og_title":"Folgst\/dienst Du Deinen Gedanken - oder dienen Deine Gedanken Dir ?? -","og_description":"Der Innere Kritiker Von Wolfgang Koopmann Kennst Du das? Du arbeitest an einem Geschenk, willst es chic verpacken und es f\u00e4llt auf die Fliesen, zerspringt in viele kleine Teile. Was passiert jetzt? \u00c4rger \u00fcber sich selber, Vorw\u00fcrfe bis dahin, sich am liebsten selbst ohrfeigen zu wollen &#8230;. Oder aber, hast Du neue Ideen, die Du [&hellip;]","og_url":"https:\/\/ich-offen-sive.de\/fr\/folgstdienst-du-deinen-gedanken-oder-dienen-deine-gedanken-dir\/","article_published_time":"2019-11-14T14:23:57+00:00","og_image":[{"width":1280,"height":588,"url":"https:\/\/ich-offen-sive.de\/wp-content\/uploads\/fantasy-3317298_1280.png","type":"image\/png"}],"author":"Kattka","twitter_card":"summary_large_image","twitter_misc":{"\u00c9crit par":"Kattka","Dur\u00e9e de lecture estim\u00e9e":"2 minutes"},"schema":{"@context":"https:\/\/schema.org","@graph":[{"@type":"WebPage","@id":"https:\/\/ich-offen-sive.de\/folgstdienst-du-deinen-gedanken-oder-dienen-deine-gedanken-dir\/","url":"https:\/\/ich-offen-sive.de\/folgstdienst-du-deinen-gedanken-oder-dienen-deine-gedanken-dir\/","name":"Folgst\/dienst Du Deinen Gedanken - oder dienen Deine Gedanken Dir ?? -","isPartOf":{"@id":"https:\/\/ich-offen-sive.de\/#website"},"datePublished":"2019-11-14T14:23:57+00:00","dateModified":"2019-11-14T14:23:57+00:00","author":{"@id":"https:\/\/ich-offen-sive.de\/#\/schema\/person\/aefa4d38c4e1064a71a6c9bcab5e7b3e"},"breadcrumb":{"@id":"https:\/\/ich-offen-sive.de\/folgstdienst-du-deinen-gedanken-oder-dienen-deine-gedanken-dir\/#breadcrumb"},"inLanguage":"fr-FR","potentialAction":[{"@type":"ReadAction","target":["https:\/\/ich-offen-sive.de\/folgstdienst-du-deinen-gedanken-oder-dienen-deine-gedanken-dir\/"]}]},{"@type":"BreadcrumbList","@id":"https:\/\/ich-offen-sive.de\/folgstdienst-du-deinen-gedanken-oder-dienen-deine-gedanken-dir\/#breadcrumb","itemListElement":[{"@type":"ListItem","position":1,"name":"Accueil","item":"https:\/\/ich-offen-sive.de\/"},{"@type":"ListItem","position":2,"name":"Folgst\/dienst Du Deinen Gedanken &#8211; oder dienen Deine Gedanken Dir ??"}]},{"@type":"WebSite","@id":"https:\/\/ich-offen-sive.de\/#website","url":"https:\/\/ich-offen-sive.de\/","name":"","description":"Stark &amp; liebevoll beginnt bei DIR selbst","potentialAction":[{"@type":"SearchAction","target":{"@type":"EntryPoint","urlTemplate":"https:\/\/ich-offen-sive.de\/?s={search_term_string}"},"query-input":"required name=search_term_string"}],"inLanguage":"fr-FR"},{"@type":"Person","@id":"https:\/\/ich-offen-sive.de\/#\/schema\/person\/aefa4d38c4e1064a71a6c9bcab5e7b3e","name":"Kattka","image":{"@type":"ImageObject","inLanguage":"fr-FR","@id":"https:\/\/ich-offen-sive.de\/#\/schema\/person\/image\/","url":"https:\/\/secure.gravatar.com\/avatar\/f43e5f4f61956c8376046fe728d5e631?s=96&d=blank&r=g","contentUrl":"https:\/\/secure.gravatar.com\/avatar\/f43e5f4f61956c8376046fe728d5e631?s=96&d=blank&r=g","caption":"Kattka"},"url":"https:\/\/ich-offen-sive.de\/fr\/author\/kattka\/"}]}},"jetpack_featured_media_url":"https:\/\/ich-offen-sive.de\/wp-content\/uploads\/fantasy-3317298_1280.png","jetpack_sharing_enabled":true,"jetpack_shortlink":"https:\/\/wp.me\/p804zd-Eh","_links":{"self":[{"href":"https:\/\/ich-offen-sive.de\/fr\/wp-json\/wp\/v2\/posts\/2497"}],"collection":[{"href":"https:\/\/ich-offen-sive.de\/fr\/wp-json\/wp\/v2\/posts"}],"about":[{"href":"https:\/\/ich-offen-sive.de\/fr\/wp-json\/wp\/v2\/types\/post"}],"author":[{"embeddable":true,"href":"https:\/\/ich-offen-sive.de\/fr\/wp-json\/wp\/v2\/users\/1"}],"replies":[{"embeddable":true,"href":"https:\/\/ich-offen-sive.de\/fr\/wp-json\/wp\/v2\/comments?post=2497"}],"version-history":[{"count":7,"href":"https:\/\/ich-offen-sive.de\/fr\/wp-json\/wp\/v2\/posts\/2497\/revisions"}],"predecessor-version":[{"id":2576,"href":"https:\/\/ich-offen-sive.de\/fr\/wp-json\/wp\/v2\/posts\/2497\/revisions\/2576"}],"wp:featuredmedia":[{"embeddable":true,"href":"https:\/\/ich-offen-sive.de\/fr\/wp-json\/wp\/v2\/media\/2498"}],"wp:attachment":[{"href":"https:\/\/ich-offen-sive.de\/fr\/wp-json\/wp\/v2\/media?parent=2497"}],"wp:term":[{"taxonomy":"category","embeddable":true,"href":"https:\/\/ich-offen-sive.de\/fr\/wp-json\/wp\/v2\/categories?post=2497"},{"taxonomy":"post_tag","embeddable":true,"href":"https:\/\/ich-offen-sive.de\/fr\/wp-json\/wp\/v2\/tags?post=2497"}],"curies":[{"name":"wp","href":"https:\/\/api.w.org\/{rel}","templated":true}]}}