{"id":1465,"date":"2018-07-05T11:42:19","date_gmt":"2018-07-05T09:42:19","guid":{"rendered":"http:\/\/ich-offen-sive.de\/?p=1465"},"modified":"2018-07-26T22:19:58","modified_gmt":"2018-07-26T20:19:58","slug":"raus-aus-der-matrix","status":"publish","type":"post","link":"https:\/\/ich-offen-sive.de\/fr\/raus-aus-der-matrix\/","title":{"rendered":"&#8230;wann hat Dein Telefon geklingelt&#8230;"},"content":{"rendered":"<h2><span style=\"color: #003300;\">&#8230;wann hat Dein Telefon geklingelt&#8230;<img decoding=\"async\" loading=\"lazy\" class=\"size-medium wp-image-1471 alignright\" src=\"http:\/\/ich-offen-sive.de\/wp-content\/uploads\/icons-1831922_960_720-1-298x300.png\" alt=\"icons-1831922_960_720\" width=\"58\" height=\"60\" \/><\/span><\/h2>\n<p style=\"text-align: justify;\"><span style=\"color: #99cc00;\"><em>Wann begann Deine\u00a0Heldenreise raus aus der Matrix ?? Wann fingst Du an, Dir Deine eigenen Fragen zu stellen und diese sooo normalen Selbstverst\u00e4ndlichkeiten infrage zustellen? Wann hast Du Dich abgel\u00f6st von den g\u00e4ngigen Erwartungen an Dich und den g\u00e4ngigen Erwartungen ans Leben?<\/em><\/span><\/p>\n<p style=\"text-align: justify;\"><span style=\"color: #99cc00;\"><em>Wann hast Du gewusst : &#8222;da geht noch mehr&#8220; ? oder zumindest : &#8222;&#8230;ich will mehr wagen&#8220; ?<\/em><\/span><\/p>\n<p>&nbsp;<\/p>\n<p style=\"text-align: justify;\">F\u00fcr manche gibt es ein oder mehrere einschneidende Schl\u00fcsselerlebnisse. F\u00fcr andere ist es eher ein verdeckter Reifungsprozess oder auch ein Mix aus beidem.<\/p>\n<p style=\"text-align: justify;\">Entscheidend bleibt nur, ob Du wirklich in <span style=\"color: #003300;\"><strong>DEIN EIGENES LEBEN<\/strong><\/span> aufgebrochen bist. Ob Du ausgestiegen bist und Dich weiter freik\u00e4mpfst von den bewu\u00dften und unbewu\u00dften Vorgaben Deiner sozialen Umgebung.<\/p>\n<p>&nbsp;<\/p>\n<p><img decoding=\"async\" loading=\"lazy\" class=\"alignleft size-medium wp-image-1471\" src=\"http:\/\/ich-offen-sive.de\/wp-content\/uploads\/icons-1831922_960_720-1-298x300.png\" alt=\"icons-1831922_960_720\" width=\"29\" height=\"30\" srcset=\"https:\/\/ich-offen-sive.de\/wp-content\/uploads\/icons-1831922_960_720-1-298x300.png 298w, https:\/\/ich-offen-sive.de\/wp-content\/uploads\/icons-1831922_960_720-1-150x150.png 150w, https:\/\/ich-offen-sive.de\/wp-content\/uploads\/icons-1831922_960_720-1-64x64.png 64w, https:\/\/ich-offen-sive.de\/wp-content\/uploads\/icons-1831922_960_720-1-230x231.png 230w, https:\/\/ich-offen-sive.de\/wp-content\/uploads\/icons-1831922_960_720-1-350x352.png 350w, https:\/\/ich-offen-sive.de\/wp-content\/uploads\/icons-1831922_960_720-1-480x483.png 480w, https:\/\/ich-offen-sive.de\/wp-content\/uploads\/icons-1831922_960_720-1.png 716w\" sizes=\"(max-width: 29px) 100vw, 29px\" \/><\/p>\n<h4><span style=\"color: #003300;\">The Call<\/span><\/h4>\n<p style=\"text-align: justify;\">Dieses Ausbrechen, dieses Abweichen vom Bisherigen, vom Gewohnten wird nur sehr selten wohlwollend von nahe stehenden Menschen wie Freunden und Familienmitgliedern begleitet.<\/p>\n<p style=\"text-align: justify;\">Denn auch sie erfahren durch Dich einen Ver\u00e4nderungsimpuls!<\/p>\n<p style=\"text-align: justify;\">Auch sie m\u00fcssen sich selbst in Beziehung zu Dir neu definieren, neu Position beziehen und u.U. ihre Passivit\u00e4t, ihre Mutlosigkeit und ihr Festhalten am Vertrauten sp\u00fcren.\u00a0Das f\u00fchlt sich (unbewu\u00dft) meist nicht so gut an.<\/p>\n<p style=\"text-align: justify;\">DESHALB\u00a0lehnen sie Dich u.U. als VerursacherIn dieser Gef\u00fchle und als St\u00f6rerIn des Gewohnten ab. Deshalb versuchen sie Dir ins Gewissen zu reden &#8230;. Du h\u00e4ttest Dich so ver\u00e4ndert, seist so komisch, nicht mehr wie fr\u00fcher &#8230;<\/p>\n<p style=\"text-align: justify;\">Ja, mann!!<\/p>\n<p style=\"text-align: justify;\">Ver\u00e4nderungen sind oft unbequem, teilweise sehr schmerzhaft und deshalb im ersten Impuls unattraktiv.<\/p>\n<p style=\"text-align: justify;\">\u00c4ngste, die uns vor diesen Schmerzen bewahren wollen, sind wirksame H\u00fcter vor Ver\u00e4nderung und Bewu\u00dftwerdung.<\/p>\n<p><img decoding=\"async\" loading=\"lazy\" class=\"wp-image-2037 alignleft\" src=\"http:\/\/ich-offen-sive.de\/wp-content\/uploads\/birds-2189476_1280-300x186.jpg\" sizes=\"(max-width: 248px) 100vw, 248px\" srcset=\"http:\/\/ich-offen-sive.de\/wp-content\/uploads\/birds-2189476_1280-300x186.jpg 300w, http:\/\/ich-offen-sive.de\/wp-content\/uploads\/birds-2189476_1280-768x475.jpg 768w, http:\/\/ich-offen-sive.de\/wp-content\/uploads\/birds-2189476_1280-1024x634.jpg 1024w, http:\/\/ich-offen-sive.de\/wp-content\/uploads\/birds-2189476_1280-830x514.jpg 830w, http:\/\/ich-offen-sive.de\/wp-content\/uploads\/birds-2189476_1280-230x142.jpg 230w, http:\/\/ich-offen-sive.de\/wp-content\/uploads\/birds-2189476_1280-350x217.jpg 350w, http:\/\/ich-offen-sive.de\/wp-content\/uploads\/birds-2189476_1280-480x297.jpg 480w, http:\/\/ich-offen-sive.de\/wp-content\/uploads\/birds-2189476_1280.jpg 1280w\" alt=\"birds-2189476_1280\" width=\"358\" height=\"221\" \/><\/p>\n<p><span style=\"color: #ffffff;\">vnsognoigndnvsjdbn<\/span><\/p>\n<p><span style=\"color: #ffffff;\">vfbesugjbjbf<\/span><\/p>\n<h6><\/h6>\n<p style=\"text-align: justify;\"><span style=\"color: #99cc00;\"><strong>Es kostet viel \u00dcberwindung sich herauszul\u00f6sen und die damit verbundenen \u00c4ngste und Schmerzen, das Unverst\u00e4ndnis geliebter Menschen u.U. sogar ihre Ablehnung auszuhalten.<\/strong><\/span><\/p>\n<p>&nbsp;<\/p>\n<p>&nbsp;<\/p>\n<h6><strong><span style=\"color: #003300;\"><img decoding=\"async\" loading=\"lazy\" class=\"alignnone wp-image-2051\" src=\"http:\/\/ich-offen-sive.de\/wp-content\/uploads\/desperate-2676554_960_720gr\u00fcn-288x300.png\" alt=\"desperate-2676554_960_720gr\u00fcn\" width=\"28\" height=\"29\" srcset=\"https:\/\/ich-offen-sive.de\/wp-content\/uploads\/desperate-2676554_960_720gr\u00fcn-288x300.png 288w, https:\/\/ich-offen-sive.de\/wp-content\/uploads\/desperate-2676554_960_720gr\u00fcn-150x150.png 150w, https:\/\/ich-offen-sive.de\/wp-content\/uploads\/desperate-2676554_960_720gr\u00fcn-64x64.png 64w, https:\/\/ich-offen-sive.de\/wp-content\/uploads\/desperate-2676554_960_720gr\u00fcn-230x240.png 230w, https:\/\/ich-offen-sive.de\/wp-content\/uploads\/desperate-2676554_960_720gr\u00fcn-350x365.png 350w, https:\/\/ich-offen-sive.de\/wp-content\/uploads\/desperate-2676554_960_720gr\u00fcn-480x500.png 480w, https:\/\/ich-offen-sive.de\/wp-content\/uploads\/desperate-2676554_960_720gr\u00fcn.png 691w\" sizes=\"(max-width: 28px) 100vw, 28px\" \/>\u00a0Der Beginn der Reise ist meist einsam und schmerzhaft<\/span><\/strong><\/h6>\n<p style=\"text-align: justify;\"><img decoding=\"async\" loading=\"lazy\" class=\"wp-image-2052 alignright\" src=\"http:\/\/ich-offen-sive.de\/wp-content\/uploads\/boat-1819696_1280-300x200.jpg\" alt=\"boat-1819696_1280\" width=\"302\" height=\"201\" srcset=\"https:\/\/ich-offen-sive.de\/wp-content\/uploads\/boat-1819696_1280-300x200.jpg 300w, https:\/\/ich-offen-sive.de\/wp-content\/uploads\/boat-1819696_1280-768x512.jpg 768w, https:\/\/ich-offen-sive.de\/wp-content\/uploads\/boat-1819696_1280-1024x682.jpg 1024w, https:\/\/ich-offen-sive.de\/wp-content\/uploads\/boat-1819696_1280-830x553.jpg 830w, https:\/\/ich-offen-sive.de\/wp-content\/uploads\/boat-1819696_1280-230x153.jpg 230w, https:\/\/ich-offen-sive.de\/wp-content\/uploads\/boat-1819696_1280-350x233.jpg 350w, https:\/\/ich-offen-sive.de\/wp-content\/uploads\/boat-1819696_1280-480x320.jpg 480w, https:\/\/ich-offen-sive.de\/wp-content\/uploads\/boat-1819696_1280-272x182.jpg 272w, https:\/\/ich-offen-sive.de\/wp-content\/uploads\/boat-1819696_1280.jpg 1280w\" sizes=\"(max-width: 302px) 100vw, 302px\" \/>Wenn nicht durch einen Schicksalsschlag in eine scheinbar ausweglose Situation verschlagen, werden in M\u00e4rchen die sp\u00e4teren HeldInnen oft ungerecht und feindselig versto\u00dfen oder man versucht sie durch unl\u00f6sbare Aufgaben loszuwerden.<\/p>\n<p style=\"text-align: justify;\">Sie gehen allein und ungesch\u00fctzt hinaus in eine unbekannte Welt. Und auch das Ziel ihrer Reise ist oft so unbestimmt wie &#8222;am Ende der Welt&#8220; oder &#8222;im Reich der Sonne&#8220;&#8230;.. vom Weg ganz zu schweigen. Aber sie gehen los.<\/p>\n<p style=\"text-align: justify;\"><span style=\"color: #003300;\"><strong>Ihr d\u00fcrft Euch auch als HeldInnen niedergeschmettert f\u00fchlen.<\/strong><\/span><\/p>\n<p><span style=\"color: #003300;\"><strong>BUT TAKE ACTION ANYWAY !!!<\/strong><\/span><\/p>\n<p><span style=\"color: #ffffff;\">nnrdofhd<\/span><\/p>\n<h4><img decoding=\"async\" loading=\"lazy\" class=\"alignnone wp-image-2047\" src=\"http:\/\/ich-offen-sive.de\/wp-content\/uploads\/suitcase-159615_1280gr\u00fcn-300x264.png\" alt=\"suitcase-159615_1280gr\u00fcn\" width=\"41\" height=\"36\" srcset=\"https:\/\/ich-offen-sive.de\/wp-content\/uploads\/suitcase-159615_1280gr\u00fcn-300x264.png 300w, https:\/\/ich-offen-sive.de\/wp-content\/uploads\/suitcase-159615_1280gr\u00fcn-768x675.png 768w, https:\/\/ich-offen-sive.de\/wp-content\/uploads\/suitcase-159615_1280gr\u00fcn-1024x900.png 1024w, https:\/\/ich-offen-sive.de\/wp-content\/uploads\/suitcase-159615_1280gr\u00fcn-830x729.png 830w, https:\/\/ich-offen-sive.de\/wp-content\/uploads\/suitcase-159615_1280gr\u00fcn-230x202.png 230w, https:\/\/ich-offen-sive.de\/wp-content\/uploads\/suitcase-159615_1280gr\u00fcn-350x308.png 350w, https:\/\/ich-offen-sive.de\/wp-content\/uploads\/suitcase-159615_1280gr\u00fcn-480x422.png 480w, https:\/\/ich-offen-sive.de\/wp-content\/uploads\/suitcase-159615_1280gr\u00fcn.png 1280w\" sizes=\"(max-width: 41px) 100vw, 41px\" \/>\u00a0 \u00a0 \u00a0<span style=\"color: #003300;\">Die Reise<\/span><\/h4>\n<p style=\"text-align: justify;\">Meist allein und nur mit dem N\u00f6tigsten ausgestattet ziehen die Helden als Fremde durch die Welt.<\/p>\n<p style=\"text-align: justify;\">Sie fragen nach dem Weg und erhalten Auskunft.<\/p>\n<p style=\"text-align: justify;\">Sie helfen anderen in der Not und gewinnen dadurch Freunde und Schutzgaben, die ihnen selbst dann beistehen und zu Hilfe eilen.<\/p>\n<p style=\"padding-left: 150px;\"><img decoding=\"async\" loading=\"lazy\" class=\"wp-image-2070 alignleft\" src=\"http:\/\/ich-offen-sive.de\/wp-content\/uploads\/ring-3514289_960_720-300x300.png\" alt=\"ring-3514289_960_720\" width=\"32\" height=\"32\" srcset=\"https:\/\/ich-offen-sive.de\/wp-content\/uploads\/ring-3514289_960_720-300x300.png 300w, https:\/\/ich-offen-sive.de\/wp-content\/uploads\/ring-3514289_960_720-150x150.png 150w, https:\/\/ich-offen-sive.de\/wp-content\/uploads\/ring-3514289_960_720-64x64.png 64w, https:\/\/ich-offen-sive.de\/wp-content\/uploads\/ring-3514289_960_720-230x230.png 230w, https:\/\/ich-offen-sive.de\/wp-content\/uploads\/ring-3514289_960_720-350x350.png 350w, https:\/\/ich-offen-sive.de\/wp-content\/uploads\/ring-3514289_960_720-480x480.png 480w, https:\/\/ich-offen-sive.de\/wp-content\/uploads\/ring-3514289_960_720.png 720w\" sizes=\"(max-width: 32px) 100vw, 32px\" \/><img decoding=\"async\" loading=\"lazy\" class=\"wp-image-2071 alignleft\" src=\"http:\/\/ich-offen-sive.de\/wp-content\/uploads\/sword-3209229_1280-300x169.png\" alt=\"sword-3209229_1280\" width=\"50\" height=\"28\" srcset=\"https:\/\/ich-offen-sive.de\/wp-content\/uploads\/sword-3209229_1280-300x169.png 300w, https:\/\/ich-offen-sive.de\/wp-content\/uploads\/sword-3209229_1280-768x432.png 768w, https:\/\/ich-offen-sive.de\/wp-content\/uploads\/sword-3209229_1280-1024x576.png 1024w, https:\/\/ich-offen-sive.de\/wp-content\/uploads\/sword-3209229_1280-830x467.png 830w, https:\/\/ich-offen-sive.de\/wp-content\/uploads\/sword-3209229_1280-230x129.png 230w, https:\/\/ich-offen-sive.de\/wp-content\/uploads\/sword-3209229_1280-350x197.png 350w, https:\/\/ich-offen-sive.de\/wp-content\/uploads\/sword-3209229_1280-480x270.png 480w, https:\/\/ich-offen-sive.de\/wp-content\/uploads\/sword-3209229_1280.png 1280w\" sizes=\"(max-width: 50px) 100vw, 50px\" \/>\u00a0<img decoding=\"async\" loading=\"lazy\" class=\"alignnone wp-image-2085\" src=\"http:\/\/ich-offen-sive.de\/wp-content\/uploads\/background-1238296_960_720-273x300.jpg\" alt=\"background-1238296_960_720\" width=\"36\" height=\"40\" srcset=\"https:\/\/ich-offen-sive.de\/wp-content\/uploads\/background-1238296_960_720-273x300.jpg 273w, https:\/\/ich-offen-sive.de\/wp-content\/uploads\/background-1238296_960_720-230x253.jpg 230w, https:\/\/ich-offen-sive.de\/wp-content\/uploads\/background-1238296_960_720-350x385.jpg 350w, https:\/\/ich-offen-sive.de\/wp-content\/uploads\/background-1238296_960_720-480x528.jpg 480w, https:\/\/ich-offen-sive.de\/wp-content\/uploads\/background-1238296_960_720.jpg 655w\" sizes=\"(max-width: 36px) 100vw, 36px\" \/>\u00a0 \u00a0\u00a0<img decoding=\"async\" loading=\"lazy\" class=\"alignnone wp-image-2086\" src=\"http:\/\/ich-offen-sive.de\/wp-content\/uploads\/feather-886103_960_720-175x300.png\" alt=\"feather-886103_960_720\" width=\"33\" height=\"58\" srcset=\"https:\/\/ich-offen-sive.de\/wp-content\/uploads\/feather-886103_960_720-175x300.png 175w, https:\/\/ich-offen-sive.de\/wp-content\/uploads\/feather-886103_960_720-230x395.png 230w, https:\/\/ich-offen-sive.de\/wp-content\/uploads\/feather-886103_960_720-350x601.png 350w, https:\/\/ich-offen-sive.de\/wp-content\/uploads\/feather-886103_960_720.png 419w\" sizes=\"(max-width: 33px) 100vw, 33px\" \/><span style=\"color: #ffffff;\">vdngusehrighenb<\/span><\/p>\n<p>&nbsp;<\/p>\n<p>Oder sie finden Mitstreiter, die sich ihnen anschlie\u00dfen, weil sie ein \u00e4hnliches Anliegen haben.<\/p>\n<p style=\"text-align: justify;\"><img decoding=\"async\" loading=\"lazy\" class=\"wp-image-2073 alignleft\" src=\"http:\/\/ich-offen-sive.de\/wp-content\/uploads\/20180704_221632b-300x278.jpg\" alt=\"20180704_221632b\" width=\"113\" height=\"105\" srcset=\"https:\/\/ich-offen-sive.de\/wp-content\/uploads\/20180704_221632b-300x278.jpg 300w, https:\/\/ich-offen-sive.de\/wp-content\/uploads\/20180704_221632b-768x712.jpg 768w, https:\/\/ich-offen-sive.de\/wp-content\/uploads\/20180704_221632b-1024x950.jpg 1024w, https:\/\/ich-offen-sive.de\/wp-content\/uploads\/20180704_221632b-830x770.jpg 830w, https:\/\/ich-offen-sive.de\/wp-content\/uploads\/20180704_221632b-230x213.jpg 230w, https:\/\/ich-offen-sive.de\/wp-content\/uploads\/20180704_221632b-350x325.jpg 350w, https:\/\/ich-offen-sive.de\/wp-content\/uploads\/20180704_221632b-480x445.jpg 480w, https:\/\/ich-offen-sive.de\/wp-content\/uploads\/20180704_221632b.jpg 1657w\" sizes=\"(max-width: 113px) 100vw, 113px\" \/>Auf ihrer Reise zum\u00a0Zauberer der Smaradgenstadt\u00a0schlie\u00dfen Elli und Totoschka nacheinander der stroh-&#8222;dumme&#8220;\u00a0Scheuch, der sich ein Gehirn w\u00fcnscht, der eiserne Holzf\u00e4ller, der sich ein Herz w\u00fcnscht, und der &#8222;feige&#8220; L\u00f6we, der sich Mut w\u00fcnscht, an.<\/p>\n<p style=\"text-align: justify;\"><span style=\"color: #ffffff;\">vgkuuj<\/span><\/p>\n<p style=\"text-align: justify;\"><span style=\"color: #003300;\"><strong>Nach und nach kommen also Weggef\u00e4hrten dazu &amp; man findet eine neue &#8222;family&#8220;, eine Herzen- oder Seelenfamilie.<\/strong><\/span><\/p>\n<p>&nbsp;<\/p>\n<p>&nbsp;<\/p>\n<p style=\"text-align: justify;\"><img decoding=\"async\" loading=\"lazy\" class=\"wp-image-2056 alignleft\" src=\"http:\/\/ich-offen-sive.de\/wp-content\/uploads\/berg-clipart-10gr\u00fcn-300x150.png\" alt=\"berg-clipart-10gr\u00fcn\" width=\"92\" height=\"46\" srcset=\"https:\/\/ich-offen-sive.de\/wp-content\/uploads\/berg-clipart-10gr\u00fcn-300x150.png 300w, https:\/\/ich-offen-sive.de\/wp-content\/uploads\/berg-clipart-10gr\u00fcn-768x384.png 768w, https:\/\/ich-offen-sive.de\/wp-content\/uploads\/berg-clipart-10gr\u00fcn-830x415.png 830w, https:\/\/ich-offen-sive.de\/wp-content\/uploads\/berg-clipart-10gr\u00fcn-230x115.png 230w, https:\/\/ich-offen-sive.de\/wp-content\/uploads\/berg-clipart-10gr\u00fcn-350x175.png 350w, https:\/\/ich-offen-sive.de\/wp-content\/uploads\/berg-clipart-10gr\u00fcn-480x240.png 480w, https:\/\/ich-offen-sive.de\/wp-content\/uploads\/berg-clipart-10gr\u00fcn.png 960w\" sizes=\"(max-width: 92px) 100vw, 92px\" \/><\/p>\n<h4 style=\"text-align: justify;\"><span style=\"color: #003300;\"><strong>Herausforderungen wachsen<\/strong><\/span><\/h4>\n<p style=\"text-align: justify;\">und man selber w\u00e4chst vor allem \u00fcber sich hinaus. Mit jedem Schritt\u00a0Weg werden die Pr\u00fcfungen schwerer, gehen immer tiefer.<\/p>\n<p style=\"text-align: justify;\">Als unwirtliche Landstriche, sengender Hitze oder alles erstarrender K\u00e4lte bebildern M\u00e4rchen die schwierigen Zeiten, in denen man am Limit k\u00e4mpft oder droht im Mordor aus Zweifeln und Depression zu versinken.<\/p>\n<p style=\"text-align: justify;\"><img decoding=\"async\" loading=\"lazy\" class=\"alignleft size-medium wp-image-1475\" src=\"http:\/\/ich-offen-sive.de\/wp-content\/uploads\/animal-1296453_960_720-170x300.png\" alt=\"animal-1296453_960_720\" width=\"23\" height=\"40\" srcset=\"https:\/\/ich-offen-sive.de\/wp-content\/uploads\/animal-1296453_960_720-170x300.png 170w, https:\/\/ich-offen-sive.de\/wp-content\/uploads\/animal-1296453_960_720-230x407.png 230w, https:\/\/ich-offen-sive.de\/wp-content\/uploads\/animal-1296453_960_720-350x619.png 350w, https:\/\/ich-offen-sive.de\/wp-content\/uploads\/animal-1296453_960_720.png 407w\" sizes=\"(max-width: 23px) 100vw, 23px\" \/>L\u00e4ngst vergessen geglaubte &#8222;Ungeheuer&#8220; verstellen sich Dir den Weg und <span style=\"color: #003300;\"><strong>testen Dich : umkehren oder durch die Angst durch?<\/strong><\/span><\/p>\n<p style=\"text-align: justify;\">Auch in M\u00e4rchen sind die \u00e4u\u00dferen K\u00e4mpfe gegen b\u00f6se Wichte, Drachen und andere Ungeheuer meistens Metaphern f\u00fcr die innere Auseinandersetzungen einer Pers\u00f6nlichkeit, die sich anschickt als Held zum Ziel vorzudringen.<\/p>\n<p>&nbsp;<\/p>\n<p><img decoding=\"async\" loading=\"lazy\" class=\"wp-image-2082 alignleft\" src=\"http:\/\/ich-offen-sive.de\/wp-content\/uploads\/signs-24515_1280gr\u00fcn-300x238.png\" alt=\"signs-24515_1280gr\u00fcn\" width=\"49\" height=\"39\" srcset=\"https:\/\/ich-offen-sive.de\/wp-content\/uploads\/signs-24515_1280gr\u00fcn-300x238.png 300w, https:\/\/ich-offen-sive.de\/wp-content\/uploads\/signs-24515_1280gr\u00fcn-768x609.png 768w, https:\/\/ich-offen-sive.de\/wp-content\/uploads\/signs-24515_1280gr\u00fcn-1024x812.png 1024w, https:\/\/ich-offen-sive.de\/wp-content\/uploads\/signs-24515_1280gr\u00fcn-830x658.png 830w, https:\/\/ich-offen-sive.de\/wp-content\/uploads\/signs-24515_1280gr\u00fcn-230x182.png 230w, https:\/\/ich-offen-sive.de\/wp-content\/uploads\/signs-24515_1280gr\u00fcn-350x278.png 350w, https:\/\/ich-offen-sive.de\/wp-content\/uploads\/signs-24515_1280gr\u00fcn-480x381.png 480w, https:\/\/ich-offen-sive.de\/wp-content\/uploads\/signs-24515_1280gr\u00fcn.png 1280w\" sizes=\"(max-width: 49px) 100vw, 49px\" \/><\/p>\n<h4>\u00a0<strong><span style=\"color: #003300;\">Das (vermeintliche) ZIEL<\/span><\/strong><\/h4>\n<p>Manchmal l\u00e4sst sich am Ziel nur feststellen, dass der Weg das eigentlich Ziel war. Dass es der Weg war, der einen hat wachsen und alle neuen F\u00e4higkeiten entwickeln lassen.<\/p>\n<p style=\"text-align: justify;\">So kann der Zauberer der Smaragdenstadt den Helden nachtr\u00e4glich nur noch die Symbole f\u00fcr die l\u00e4ngst erworbenen Tugenden \u00fcberreichen.<\/p>\n<p style=\"text-align: justify;\">Man kehrt als anderer Mensch nach Hause zur\u00fcck, aber nie mehr zur\u00fcck in die Matrix. Das Leben ist zum Abenteuer geworden.<\/p>\n<p style=\"text-align: justify; padding-left: 60px;\">\u00a0<img decoding=\"async\" loading=\"lazy\" class=\"alignnone size-medium wp-image-2089\" src=\"http:\/\/ich-offen-sive.de\/wp-content\/uploads\/waterfalls-2987477_1280-1-1-300x212.jpg\" alt=\"waterfalls-2987477_1280 (1)\" width=\"300\" height=\"212\" srcset=\"https:\/\/ich-offen-sive.de\/wp-content\/uploads\/waterfalls-2987477_1280-1-1-300x212.jpg 300w, https:\/\/ich-offen-sive.de\/wp-content\/uploads\/waterfalls-2987477_1280-1-1-768x543.jpg 768w, https:\/\/ich-offen-sive.de\/wp-content\/uploads\/waterfalls-2987477_1280-1-1-1024x724.jpg 1024w, https:\/\/ich-offen-sive.de\/wp-content\/uploads\/waterfalls-2987477_1280-1-1-830x587.jpg 830w, https:\/\/ich-offen-sive.de\/wp-content\/uploads\/waterfalls-2987477_1280-1-1-230x163.jpg 230w, https:\/\/ich-offen-sive.de\/wp-content\/uploads\/waterfalls-2987477_1280-1-1-350x248.jpg 350w, https:\/\/ich-offen-sive.de\/wp-content\/uploads\/waterfalls-2987477_1280-1-1-480x340.jpg 480w, https:\/\/ich-offen-sive.de\/wp-content\/uploads\/waterfalls-2987477_1280-1-1.jpg 1029w\" sizes=\"(max-width: 300px) 100vw, 300px\" \/><\/p>\n<p>Ich w\u00fcnsche Euch wie immer von\u00a0<img decoding=\"async\" loading=\"lazy\" class=\"alignnone wp-image-1536\" src=\"http:\/\/ich-offen-sive.de\/wp-content\/uploads\/herz-flamingo-294x300.png\" sizes=\"(max-width: 31px) 100vw, 31px\" srcset=\"http:\/\/ich-offen-sive.de\/wp-content\/uploads\/herz-flamingo-294x300.png 294w, http:\/\/ich-offen-sive.de\/wp-content\/uploads\/herz-flamingo-150x150.png 150w, http:\/\/ich-offen-sive.de\/wp-content\/uploads\/herz-flamingo-64x64.png 64w, http:\/\/ich-offen-sive.de\/wp-content\/uploads\/herz-flamingo-230x235.png 230w, http:\/\/ich-offen-sive.de\/wp-content\/uploads\/herz-flamingo.png 348w\" alt=\"herz flamingo\" width=\"31\" height=\"32\" \/>\u00a0ein freudiges Erwachen &amp; eine gute Reise mit\u00a0tollen Weggef\u00e4hrten !<\/p>\n<p>Eure Kathrin<\/p>","protected":false},"excerpt":{"rendered":"<p>&#8230;wann hat Dein Telefon geklingelt&#8230; Wann begann Deine\u00a0Heldenreise raus aus der Matrix ?? Wann fingst Du an, Dir Deine eigenen Fragen zu stellen und diese sooo normalen Selbstverst\u00e4ndlichkeiten infrage zustellen? Wann hast Du Dich abgel\u00f6st von den g\u00e4ngigen Erwartungen an Dich und den g\u00e4ngigen Erwartungen ans Leben? Wann hast Du gewusst : &#8222;da geht noch [&hellip;]<\/p>","protected":false},"author":1,"featured_media":1466,"comment_status":"open","ping_status":"open","sticky":false,"template":"","format":"standard","meta":{"jetpack_post_was_ever_published":false,"footnotes":"","jetpack_publicize_message":"","jetpack_is_tweetstorm":false,"jetpack_publicize_feature_enabled":true,"jetpack_social_post_already_shared":false,"jetpack_social_options":{"image_generator_settings":{"template":"highway","enabled":false}}},"categories":[1],"tags":[],"jetpack_publicize_connections":[],"yoast_head":"<!-- This site is optimized with the Yoast SEO plugin v20.4 - https:\/\/yoast.com\/wordpress\/plugins\/seo\/ -->\n<title>Raus aus der Matrix, wann kam Dein Call und begann Deine Heldenreise?<\/title>\n<meta name=\"description\" content=\"Wann begann Deine Heldenreise raus aus der Matrix ?? Wann fingst Du an, Dir Deine eigenen Fragen zu stellen und wann hast Du gewusst : &quot;da geht noch mehr&quot; ? oder zumindest : &quot;...ich will mehr wagen&quot; ?\" \/>\n<meta name=\"robots\" content=\"index, follow, max-snippet:-1, max-image-preview:large, max-video-preview:-1\" \/>\n<link rel=\"canonical\" href=\"https:\/\/ich-offen-sive.de\/fr\/raus-aus-der-matrix\/\" \/>\n<meta property=\"og:locale\" content=\"fr_FR\" \/>\n<meta property=\"og:type\" content=\"article\" \/>\n<meta property=\"og:title\" content=\"Raus aus der Matrix, wann kam Dein Call und begann Deine Heldenreise?\" \/>\n<meta property=\"og:description\" content=\"Wann begann Deine Heldenreise raus aus der Matrix ?? Wann fingst Du an, Dir Deine eigenen Fragen zu stellen und wann hast Du gewusst : &quot;da geht noch mehr&quot; ? oder zumindest : &quot;...ich will mehr wagen&quot; ?\" \/>\n<meta property=\"og:url\" content=\"https:\/\/ich-offen-sive.de\/fr\/raus-aus-der-matrix\/\" \/>\n<meta property=\"article:published_time\" content=\"2018-07-05T09:42:19+00:00\" \/>\n<meta property=\"article:modified_time\" content=\"2018-07-26T20:19:58+00:00\" \/>\n<meta property=\"og:image\" content=\"https:\/\/ich-offen-sive.de\/wp-content\/uploads\/matrix-2953869_1280.jpg\" \/>\n\t<meta property=\"og:image:width\" content=\"1280\" \/>\n\t<meta property=\"og:image:height\" content=\"853\" \/>\n\t<meta property=\"og:image:type\" content=\"image\/jpeg\" \/>\n<meta name=\"author\" content=\"Kattka\" \/>\n<meta name=\"twitter:card\" content=\"summary_large_image\" \/>\n<meta name=\"twitter:label1\" content=\"\u00c9crit par\" \/>\n\t<meta name=\"twitter:data1\" content=\"Kattka\" \/>\n\t<meta name=\"twitter:label2\" content=\"Dur\u00e9e de lecture estim\u00e9e\" \/>\n\t<meta name=\"twitter:data2\" content=\"4 minutes\" \/>\n<script type=\"application\/ld+json\" class=\"yoast-schema-graph\">{\"@context\":\"https:\/\/schema.org\",\"@graph\":[{\"@type\":\"WebPage\",\"@id\":\"https:\/\/ich-offen-sive.de\/raus-aus-der-matrix\/\",\"url\":\"https:\/\/ich-offen-sive.de\/raus-aus-der-matrix\/\",\"name\":\"Raus aus der Matrix, wann kam Dein Call und begann Deine Heldenreise?\",\"isPartOf\":{\"@id\":\"https:\/\/ich-offen-sive.de\/#website\"},\"datePublished\":\"2018-07-05T09:42:19+00:00\",\"dateModified\":\"2018-07-26T20:19:58+00:00\",\"author\":{\"@id\":\"https:\/\/ich-offen-sive.de\/#\/schema\/person\/aefa4d38c4e1064a71a6c9bcab5e7b3e\"},\"description\":\"Wann begann Deine Heldenreise raus aus der Matrix ?? Wann fingst Du an, Dir Deine eigenen Fragen zu stellen und wann hast Du gewusst : \\\"da geht noch mehr\\\" ? oder zumindest : \\\"...ich will mehr wagen\\\" ?\",\"breadcrumb\":{\"@id\":\"https:\/\/ich-offen-sive.de\/raus-aus-der-matrix\/#breadcrumb\"},\"inLanguage\":\"fr-FR\",\"potentialAction\":[{\"@type\":\"ReadAction\",\"target\":[\"https:\/\/ich-offen-sive.de\/raus-aus-der-matrix\/\"]}]},{\"@type\":\"BreadcrumbList\",\"@id\":\"https:\/\/ich-offen-sive.de\/raus-aus-der-matrix\/#breadcrumb\",\"itemListElement\":[{\"@type\":\"ListItem\",\"position\":1,\"name\":\"Accueil\",\"item\":\"https:\/\/ich-offen-sive.de\/\"},{\"@type\":\"ListItem\",\"position\":2,\"name\":\"&#8230;wann hat Dein Telefon geklingelt&#8230;\"}]},{\"@type\":\"WebSite\",\"@id\":\"https:\/\/ich-offen-sive.de\/#website\",\"url\":\"https:\/\/ich-offen-sive.de\/\",\"name\":\"\",\"description\":\"Stark &amp; liebevoll beginnt bei DIR selbst\",\"potentialAction\":[{\"@type\":\"SearchAction\",\"target\":{\"@type\":\"EntryPoint\",\"urlTemplate\":\"https:\/\/ich-offen-sive.de\/?s={search_term_string}\"},\"query-input\":\"required name=search_term_string\"}],\"inLanguage\":\"fr-FR\"},{\"@type\":\"Person\",\"@id\":\"https:\/\/ich-offen-sive.de\/#\/schema\/person\/aefa4d38c4e1064a71a6c9bcab5e7b3e\",\"name\":\"Kattka\",\"image\":{\"@type\":\"ImageObject\",\"inLanguage\":\"fr-FR\",\"@id\":\"https:\/\/ich-offen-sive.de\/#\/schema\/person\/image\/\",\"url\":\"https:\/\/secure.gravatar.com\/avatar\/f43e5f4f61956c8376046fe728d5e631?s=96&d=blank&r=g\",\"contentUrl\":\"https:\/\/secure.gravatar.com\/avatar\/f43e5f4f61956c8376046fe728d5e631?s=96&d=blank&r=g\",\"caption\":\"Kattka\"},\"url\":\"https:\/\/ich-offen-sive.de\/fr\/author\/kattka\/\"}]}<\/script>\n<!-- \/ Yoast SEO plugin. -->","yoast_head_json":{"title":"Raus aus der Matrix, wann kam Dein Call und begann Deine Heldenreise?","description":"Wann begann Deine Heldenreise raus aus der Matrix ?? Wann fingst Du an, Dir Deine eigenen Fragen zu stellen und wann hast Du gewusst : \"da geht noch mehr\" ? oder zumindest : \"...ich will mehr wagen\" ?","robots":{"index":"index","follow":"follow","max-snippet":"max-snippet:-1","max-image-preview":"max-image-preview:large","max-video-preview":"max-video-preview:-1"},"canonical":"https:\/\/ich-offen-sive.de\/fr\/raus-aus-der-matrix\/","og_locale":"fr_FR","og_type":"article","og_title":"Raus aus der Matrix, wann kam Dein Call und begann Deine Heldenreise?","og_description":"Wann begann Deine Heldenreise raus aus der Matrix ?? Wann fingst Du an, Dir Deine eigenen Fragen zu stellen und wann hast Du gewusst : \"da geht noch mehr\" ? oder zumindest : \"...ich will mehr wagen\" ?","og_url":"https:\/\/ich-offen-sive.de\/fr\/raus-aus-der-matrix\/","article_published_time":"2018-07-05T09:42:19+00:00","article_modified_time":"2018-07-26T20:19:58+00:00","og_image":[{"width":1280,"height":853,"url":"https:\/\/ich-offen-sive.de\/wp-content\/uploads\/matrix-2953869_1280.jpg","type":"image\/jpeg"}],"author":"Kattka","twitter_card":"summary_large_image","twitter_misc":{"\u00c9crit par":"Kattka","Dur\u00e9e de lecture estim\u00e9e":"4 minutes"},"schema":{"@context":"https:\/\/schema.org","@graph":[{"@type":"WebPage","@id":"https:\/\/ich-offen-sive.de\/raus-aus-der-matrix\/","url":"https:\/\/ich-offen-sive.de\/raus-aus-der-matrix\/","name":"Raus aus der Matrix, wann kam Dein Call und begann Deine Heldenreise?","isPartOf":{"@id":"https:\/\/ich-offen-sive.de\/#website"},"datePublished":"2018-07-05T09:42:19+00:00","dateModified":"2018-07-26T20:19:58+00:00","author":{"@id":"https:\/\/ich-offen-sive.de\/#\/schema\/person\/aefa4d38c4e1064a71a6c9bcab5e7b3e"},"description":"Wann begann Deine Heldenreise raus aus der Matrix ?? Wann fingst Du an, Dir Deine eigenen Fragen zu stellen und wann hast Du gewusst : \"da geht noch mehr\" ? oder zumindest : \"...ich will mehr wagen\" ?","breadcrumb":{"@id":"https:\/\/ich-offen-sive.de\/raus-aus-der-matrix\/#breadcrumb"},"inLanguage":"fr-FR","potentialAction":[{"@type":"ReadAction","target":["https:\/\/ich-offen-sive.de\/raus-aus-der-matrix\/"]}]},{"@type":"BreadcrumbList","@id":"https:\/\/ich-offen-sive.de\/raus-aus-der-matrix\/#breadcrumb","itemListElement":[{"@type":"ListItem","position":1,"name":"Accueil","item":"https:\/\/ich-offen-sive.de\/"},{"@type":"ListItem","position":2,"name":"&#8230;wann hat Dein Telefon geklingelt&#8230;"}]},{"@type":"WebSite","@id":"https:\/\/ich-offen-sive.de\/#website","url":"https:\/\/ich-offen-sive.de\/","name":"","description":"Stark &amp; liebevoll beginnt bei DIR selbst","potentialAction":[{"@type":"SearchAction","target":{"@type":"EntryPoint","urlTemplate":"https:\/\/ich-offen-sive.de\/?s={search_term_string}"},"query-input":"required name=search_term_string"}],"inLanguage":"fr-FR"},{"@type":"Person","@id":"https:\/\/ich-offen-sive.de\/#\/schema\/person\/aefa4d38c4e1064a71a6c9bcab5e7b3e","name":"Kattka","image":{"@type":"ImageObject","inLanguage":"fr-FR","@id":"https:\/\/ich-offen-sive.de\/#\/schema\/person\/image\/","url":"https:\/\/secure.gravatar.com\/avatar\/f43e5f4f61956c8376046fe728d5e631?s=96&d=blank&r=g","contentUrl":"https:\/\/secure.gravatar.com\/avatar\/f43e5f4f61956c8376046fe728d5e631?s=96&d=blank&r=g","caption":"Kattka"},"url":"https:\/\/ich-offen-sive.de\/fr\/author\/kattka\/"}]}},"jetpack_featured_media_url":"https:\/\/ich-offen-sive.de\/wp-content\/uploads\/matrix-2953869_1280.jpg","jetpack_sharing_enabled":true,"jetpack_shortlink":"https:\/\/wp.me\/p804zd-nD","_links":{"self":[{"href":"https:\/\/ich-offen-sive.de\/fr\/wp-json\/wp\/v2\/posts\/1465"}],"collection":[{"href":"https:\/\/ich-offen-sive.de\/fr\/wp-json\/wp\/v2\/posts"}],"about":[{"href":"https:\/\/ich-offen-sive.de\/fr\/wp-json\/wp\/v2\/types\/post"}],"author":[{"embeddable":true,"href":"https:\/\/ich-offen-sive.de\/fr\/wp-json\/wp\/v2\/users\/1"}],"replies":[{"embeddable":true,"href":"https:\/\/ich-offen-sive.de\/fr\/wp-json\/wp\/v2\/comments?post=1465"}],"version-history":[{"count":10,"href":"https:\/\/ich-offen-sive.de\/fr\/wp-json\/wp\/v2\/posts\/1465\/revisions"}],"predecessor-version":[{"id":2100,"href":"https:\/\/ich-offen-sive.de\/fr\/wp-json\/wp\/v2\/posts\/1465\/revisions\/2100"}],"wp:featuredmedia":[{"embeddable":true,"href":"https:\/\/ich-offen-sive.de\/fr\/wp-json\/wp\/v2\/media\/1466"}],"wp:attachment":[{"href":"https:\/\/ich-offen-sive.de\/fr\/wp-json\/wp\/v2\/media?parent=1465"}],"wp:term":[{"taxonomy":"category","embeddable":true,"href":"https:\/\/ich-offen-sive.de\/fr\/wp-json\/wp\/v2\/categories?post=1465"},{"taxonomy":"post_tag","embeddable":true,"href":"https:\/\/ich-offen-sive.de\/fr\/wp-json\/wp\/v2\/tags?post=1465"}],"curies":[{"name":"wp","href":"https:\/\/api.w.org\/{rel}","templated":true}]}}