{"id":1152,"date":"2018-02-15T23:28:12","date_gmt":"2018-02-15T22:28:12","guid":{"rendered":"http:\/\/ich-offen-sive.de\/?p=1152"},"modified":"2018-02-16T23:18:11","modified_gmt":"2018-02-16T22:18:11","slug":"der-seerosen-weg","status":"publish","type":"post","link":"https:\/\/ich-offen-sive.de\/fr\/der-seerosen-weg\/","title":{"rendered":"Der SEEROSEN-WEG"},"content":{"rendered":"<h1><span style=\"color: #ff99cc;\">Der SEEROSEN-WEG<\/span><\/h1>\n<h5><span style=\"color: #ff99cc;\"><strong><img decoding=\"async\" loading=\"lazy\" class=\"size-medium wp-image-1211 alignleft\" src=\"http:\/\/ich-offen-sive.de\/wp-content\/uploads\/lotus-1889735_1280violett-300x225.png\" alt=\"lotus-1889735_1280violett\" width=\"30\" height=\"22\" srcset=\"https:\/\/ich-offen-sive.de\/wp-content\/uploads\/lotus-1889735_1280violett-300x225.png 300w, https:\/\/ich-offen-sive.de\/wp-content\/uploads\/lotus-1889735_1280violett-768x576.png 768w, https:\/\/ich-offen-sive.de\/wp-content\/uploads\/lotus-1889735_1280violett-1024x768.png 1024w, https:\/\/ich-offen-sive.de\/wp-content\/uploads\/lotus-1889735_1280violett-830x623.png 830w, https:\/\/ich-offen-sive.de\/wp-content\/uploads\/lotus-1889735_1280violett-550x400.png 550w, https:\/\/ich-offen-sive.de\/wp-content\/uploads\/lotus-1889735_1280violett-230x173.png 230w, https:\/\/ich-offen-sive.de\/wp-content\/uploads\/lotus-1889735_1280violett-350x263.png 350w, https:\/\/ich-offen-sive.de\/wp-content\/uploads\/lotus-1889735_1280violett-480x360.png 480w, https:\/\/ich-offen-sive.de\/wp-content\/uploads\/lotus-1889735_1280violett.png 1280w\" sizes=\"(max-width: 30px) 100vw, 30px\" \/>Unter Deinem tiefsten Trauma wartet Dein gr\u00f6\u00dftes Potenzial auf Dich\u00a0<\/strong><\/span><\/h5>\n<p style=\"padding-left: 60px;\"><span style=\"color: #ff99cc;\"><em>Wie Du innere Freiheit und inneren Frieden durch Neubetrachtung erlangen kannst, dabei mentale St\u00e4rke aufbaust und Deinen Lebensweg besser erkennst.<\/em><\/span><\/p>\n<p style=\"padding-left: 60px;\">\n<p style=\"text-align: justify;\"><img decoding=\"async\" loading=\"lazy\" class=\"alignleft size-thumbnail wp-image-1378\" src=\"http:\/\/ich-offen-sive.de\/wp-content\/uploads\/lotus-2528456_1280-150x150.jpg\" alt=\"lotus-2528456_1280\" width=\"150\" height=\"150\" srcset=\"https:\/\/ich-offen-sive.de\/wp-content\/uploads\/lotus-2528456_1280-150x150.jpg 150w, https:\/\/ich-offen-sive.de\/wp-content\/uploads\/lotus-2528456_1280-64x64.jpg 64w\" sizes=\"(max-width: 150px) 100vw, 150px\" \/>Eingebettet in modrigen kaum Halt bietenden dunklen\u00a0Morast w\u00e4chst das Wurzelrhizom und an bis zu drei Meter langen St\u00e4ngeln erhebt sich \u00fcber diese tr\u00fcben Schlammgew\u00e4sser die <strong><span style=\"color: #993366;\">Lotusbl\u00fcte<\/span><\/strong>.<\/p>\n<p style=\"text-align: justify;\">Lotus, die Blume des Buddha, ist ein hochverehrtes Symbol f\u00fcr Reinheit und Erleuchtung.<\/p>\n<p style=\"text-align: justify;\">Traditionell\u00a0bietet\u00a0der Lotus\u00a0in Asien Opfergaben, Medizin und\u00a0Speise.\u00a0Die aus den hauchd\u00fcnnen St\u00e4ngelfasern gewonnene Seide\u00a0ergibt einen der teuersten Stoffe der Welt und bis vor kurzem durfte dieser \u201eTextildiamant\u201c in der ostasiatischen Welt nur von Buddha-Statuen\u00a0und buddhistischen M\u00f6nchen getragen werden.\u00a0An den Lotusbl\u00e4ttern perlt selbst aggressiver chemischer Kleber ab ohne irgendwelche Spuren zu hinterlassen und\u00a0dieser in der siebziger Jahren beschriebene Lotuseffekt wird heute an industriellen Oberfl\u00e4chen nachgeahmt.<\/p>\n<p style=\"text-align: justify;\">Ich hab mir auch schon oft so eine &#8222;Teflonschicht&#8220; f\u00fcr meine Seele gew\u00fcnscht, ganz zu schweigen von dieser <span style=\"color: #ff99cc;\"><strong>Transformationskraft<\/strong><\/span>. <strong><span style=\"color: #ff99cc;\"><span style=\"color: #993366;\">Durch Stoffwechsel entsteht aus F\u00e4ulnis perfekte Sch\u00f6nheit<\/span><\/span><\/strong>. (Wobei es sich bei F\u00e4ulnis bzw. Sch\u00f6nheit hier nat\u00fcrlich um menschliche Zuschreibungen handelt. F\u00fcr die Sch\u00f6pfung handelt es sich wohl lediglich um ein Gleichgewicht.)<\/p>\n<p style=\"text-align: left;\">Stoff-wechsel, Aus-einander-(und wieder-zusammen)-Setzung. Ein Stoff wird in einen anderen umgewandelt,\u00a0 \u00a0<strong><span style=\"color: #993366;\">transformiert<\/span><\/strong>.<\/p>\n<p style=\"text-align: justify;\">Unser K\u00f6rper vollzieht dies ganz nat\u00fcrlich Tag f\u00fcr Tag. Er wandelt Nahrungsmittel um in Lebensenergie und Gewebe, Gedankenprozesse und Hormonaussch\u00fcttungen und vieles mehr. Alles, was ihm nicht mehr dient, wird ausgeschieden. <span style=\"color: #993366;\"><strong>Auch unsere\u00a0Seele kann &#8222;Sch&#8230;lechte&#8220;-Erfahrungen zu Entwicklungsspr\u00fcngen und Weisheit transformieren<\/strong><\/span>, unbrauchbar Gewordenes aussortieren und loslassen.<\/p>\n<p>&nbsp;<\/p>\n<h6 style=\"text-align: justify;\"><img decoding=\"async\" loading=\"lazy\" class=\"size-medium wp-image-1211 alignleft\" src=\"http:\/\/ich-offen-sive.de\/wp-content\/uploads\/lotus-1889735_1280violett-300x225.png\" alt=\"lotus-1889735_1280violett\" width=\"30\" height=\"22\" srcset=\"https:\/\/ich-offen-sive.de\/wp-content\/uploads\/lotus-1889735_1280violett-300x225.png 300w, https:\/\/ich-offen-sive.de\/wp-content\/uploads\/lotus-1889735_1280violett-768x576.png 768w, https:\/\/ich-offen-sive.de\/wp-content\/uploads\/lotus-1889735_1280violett-1024x768.png 1024w, https:\/\/ich-offen-sive.de\/wp-content\/uploads\/lotus-1889735_1280violett-830x623.png 830w, https:\/\/ich-offen-sive.de\/wp-content\/uploads\/lotus-1889735_1280violett-550x400.png 550w, https:\/\/ich-offen-sive.de\/wp-content\/uploads\/lotus-1889735_1280violett-230x173.png 230w, https:\/\/ich-offen-sive.de\/wp-content\/uploads\/lotus-1889735_1280violett-350x263.png 350w, https:\/\/ich-offen-sive.de\/wp-content\/uploads\/lotus-1889735_1280violett-480x360.png 480w, https:\/\/ich-offen-sive.de\/wp-content\/uploads\/lotus-1889735_1280violett.png 1280w\" sizes=\"(max-width: 30px) 100vw, 30px\" \/><span style=\"color: #ff99cc;\">Die aus unseren Erfahrungen gewonnenen inneren \u00dcberzeugungen bestimmen unser Leben.<\/span><\/h6>\n<p style=\"text-align: justify;\"><img decoding=\"async\" loading=\"lazy\" class=\"alignright size-medium wp-image-1177\" src=\"http:\/\/ich-offen-sive.de\/wp-content\/uploads\/woman-2944070_1280-300x200.jpg\" alt=\"woman-2944070_1280\" width=\"300\" height=\"200\" srcset=\"https:\/\/ich-offen-sive.de\/wp-content\/uploads\/woman-2944070_1280-300x200.jpg 300w, https:\/\/ich-offen-sive.de\/wp-content\/uploads\/woman-2944070_1280-768x512.jpg 768w, https:\/\/ich-offen-sive.de\/wp-content\/uploads\/woman-2944070_1280-1024x682.jpg 1024w, https:\/\/ich-offen-sive.de\/wp-content\/uploads\/woman-2944070_1280-830x553.jpg 830w, https:\/\/ich-offen-sive.de\/wp-content\/uploads\/woman-2944070_1280-230x153.jpg 230w, https:\/\/ich-offen-sive.de\/wp-content\/uploads\/woman-2944070_1280-350x233.jpg 350w, https:\/\/ich-offen-sive.de\/wp-content\/uploads\/woman-2944070_1280-480x320.jpg 480w, https:\/\/ich-offen-sive.de\/wp-content\/uploads\/woman-2944070_1280-272x182.jpg 272w, https:\/\/ich-offen-sive.de\/wp-content\/uploads\/woman-2944070_1280.jpg 1280w\" sizes=\"(max-width: 300px) 100vw, 300px\" \/>Das, was sich uns da eingebrannt hat, was wir denken und was wir erinnern, ist wahr und doch nicht die ganze Wahrheit!<\/p>\n<p style=\"text-align: justify;\"><span style=\"color: #993366;\"><strong>Der aktive Teil einer Erfahrung<\/strong><\/span>\u00a0ist immer ent-scheidend:\u00a0<strong><span style=\"color: #993366;\">die innere aktive Entscheidung, WIE\u00a0WIR DAMALS\u00a0diese Erfahrung bewertet und abgespeichert, welche Schl\u00fcsse und Verhaltensmuster wir daraus abgeleitet hatten!!! <\/span><\/strong><\/p>\n<p style=\"text-align: justify;\">Leiden entsteht, wenn wir Glaubenss\u00e4tze gegen uns entwickeln. Wenn wir den Grund f\u00fcr schreckliche und tragische Ereignisses\u00a0in unserer Schuld und Minderwertigkeit sehen.<\/p>\n<p>&nbsp;<\/p>\n<h6><span style=\"color: #ff99cc;\"><img decoding=\"async\" loading=\"lazy\" class=\"size-medium wp-image-1211 alignleft\" src=\"http:\/\/ich-offen-sive.de\/wp-content\/uploads\/lotus-1889735_1280violett-300x225.png\" alt=\"lotus-1889735_1280violett\" width=\"30\" height=\"22\" srcset=\"https:\/\/ich-offen-sive.de\/wp-content\/uploads\/lotus-1889735_1280violett-300x225.png 300w, https:\/\/ich-offen-sive.de\/wp-content\/uploads\/lotus-1889735_1280violett-768x576.png 768w, https:\/\/ich-offen-sive.de\/wp-content\/uploads\/lotus-1889735_1280violett-1024x768.png 1024w, https:\/\/ich-offen-sive.de\/wp-content\/uploads\/lotus-1889735_1280violett-830x623.png 830w, https:\/\/ich-offen-sive.de\/wp-content\/uploads\/lotus-1889735_1280violett-550x400.png 550w, https:\/\/ich-offen-sive.de\/wp-content\/uploads\/lotus-1889735_1280violett-230x173.png 230w, https:\/\/ich-offen-sive.de\/wp-content\/uploads\/lotus-1889735_1280violett-350x263.png 350w, https:\/\/ich-offen-sive.de\/wp-content\/uploads\/lotus-1889735_1280violett-480x360.png 480w, https:\/\/ich-offen-sive.de\/wp-content\/uploads\/lotus-1889735_1280violett.png 1280w\" sizes=\"(max-width: 30px) 100vw, 30px\" \/>Leiden entsteht aus einer Logik, die sich gegen\u00a0Dich selbst richtet<\/span><\/h6>\n<p style=\"text-align: justify;\">Kinder tun dies oft reflexhaft und geben sich in ihrer Ohnmacht selbst die Schuld. (Ist ja klar,\u00a0von den Erwachsenen h\u00e4ngt noch die eigene\u00a0Existenz ab und sie sind deshalb als Gegen\u00fcber unangreifbar.) Sp\u00e4ter versuchen wir uns von diesen f\u00fcr uns hemmenden bis destruktiven inneren \u00dcberzeugungen zu befreien und leisten heftige Kraftanstrengungen f\u00fcr den Wunsch unser Leben unbeeintr\u00e4chtigt fortzusetzen.<\/p>\n<p style=\"text-align: justify;\"><img decoding=\"async\" loading=\"lazy\" class=\"size-medium wp-image-1201 alignleft\" src=\"http:\/\/ich-offen-sive.de\/wp-content\/uploads\/reality-2426203_960_720-300x300.jpg\" alt=\"reality-2426203_960_720\" width=\"200\" height=\"200\" srcset=\"https:\/\/ich-offen-sive.de\/wp-content\/uploads\/reality-2426203_960_720-300x300.jpg 300w, https:\/\/ich-offen-sive.de\/wp-content\/uploads\/reality-2426203_960_720-150x150.jpg 150w, https:\/\/ich-offen-sive.de\/wp-content\/uploads\/reality-2426203_960_720-64x64.jpg 64w, https:\/\/ich-offen-sive.de\/wp-content\/uploads\/reality-2426203_960_720-230x230.jpg 230w, https:\/\/ich-offen-sive.de\/wp-content\/uploads\/reality-2426203_960_720-350x350.jpg 350w, https:\/\/ich-offen-sive.de\/wp-content\/uploads\/reality-2426203_960_720-480x480.jpg 480w, https:\/\/ich-offen-sive.de\/wp-content\/uploads\/reality-2426203_960_720.jpg 720w\" sizes=\"(max-width: 200px) 100vw, 200px\" \/>Dabei k\u00e4mpfen wir gegen uns selbst (S\u00fcchte, Zw\u00e4nge, \u00dcberanpassung usw.), gegen die Situation (Verdr\u00e4ngung, Vermeidung, Wunsch, es w\u00e4re nie geschehen usw.)\u00a0und gegen\u00a0die\u00a0Verursacher (Vorw\u00fcrfe, Ablehnung).<\/p>\n<p style=\"text-align: justify;\">Neben berechtigten Schuldzuweisungen wird oft der ganze Mensch als schlecht, gemein und boshaft verurteilt, und zwar umso vehementer je tiefer der eigene Selbsthass sitzt. Die T\u00e4terperson wird auf die negative Handlungsdimension reduziert. Wir lenken die Selbstanklage, die damals von UNS empfundene Schuld und Minderwertigkeit, nun anklagend zum (vermeintlichen) Verursacher\u00a0zur\u00fcck. Der Selbsthass wird als Anklage zur\u00fcckzugeben. <span style=\"color: #993366;\"><strong>Der Hass zirkuliert weiter und befindet sich mal mehr auf der &#8222;Ich-Seite&#8220;, mal mehr auf der &#8222;Anderen-Seite&#8220;; wirkt mal mehr nach Innen gerichtet, mal mehr nach Au\u00dfen.<\/strong><\/span><\/p>\n<p>&nbsp;<\/p>\n<h6 style=\"text-align: justify;\"><span style=\"color: #ff99cc;\"><img decoding=\"async\" loading=\"lazy\" class=\"size-medium wp-image-1211 alignleft\" src=\"http:\/\/ich-offen-sive.de\/wp-content\/uploads\/lotus-1889735_1280violett-300x225.png\" alt=\"lotus-1889735_1280violett\" width=\"30\" height=\"22\" srcset=\"https:\/\/ich-offen-sive.de\/wp-content\/uploads\/lotus-1889735_1280violett-300x225.png 300w, https:\/\/ich-offen-sive.de\/wp-content\/uploads\/lotus-1889735_1280violett-768x576.png 768w, https:\/\/ich-offen-sive.de\/wp-content\/uploads\/lotus-1889735_1280violett-1024x768.png 1024w, https:\/\/ich-offen-sive.de\/wp-content\/uploads\/lotus-1889735_1280violett-830x623.png 830w, https:\/\/ich-offen-sive.de\/wp-content\/uploads\/lotus-1889735_1280violett-550x400.png 550w, https:\/\/ich-offen-sive.de\/wp-content\/uploads\/lotus-1889735_1280violett-230x173.png 230w, https:\/\/ich-offen-sive.de\/wp-content\/uploads\/lotus-1889735_1280violett-350x263.png 350w, https:\/\/ich-offen-sive.de\/wp-content\/uploads\/lotus-1889735_1280violett-480x360.png 480w, https:\/\/ich-offen-sive.de\/wp-content\/uploads\/lotus-1889735_1280violett.png 1280w\" sizes=\"(max-width: 30px) 100vw, 30px\" \/>Wie kann der Hass, gegen sich selbst und gegen die Verursacher, \u00fcberwunden werden?<\/span><\/h6>\n<p style=\"text-align: justify;\">Die immer gleiche &#8222;Nabelschau&#8220; untermauert nur die Negativerfahrung aus vergangenen Ereignissen und ist meiner Meinung nach kontraproduktiv. Es verfestigt den Opferstatus und h\u00e4lt uns in unserer (kindlichen) Ohnmacht gefangen. Wir bleiben abh\u00e4ngig. Wir haben verstanden, dass es keine Wiedergutmachung geben kann, aber\u00a0wir leiden weiter, wenn der\/die Verursacher ihre &#8222;Schuld&#8220; oder Verantwortung uns gegen\u00fcber nicht eingestehen (kann). W\u00fctend und entt\u00e4uscht kann man wieder und wieder an dieser Festung, an diesen Mauern, zerschellen, sich aufreiben usw..<\/p>\n<p style=\"text-align: justify;\">Es muss zumindest eine <span style=\"color: #993366;\"><strong>Neubetrachtung<\/strong><\/span> dazu kommen, <span style=\"color: #993366;\">ein Verstehen* f\u00fcr\u00a0alle Beteiligten, warum jedeR seine\/ihre Entscheidungen und Taten so gew\u00e4hlt hat.\u00a0*<\/span>\u00a0Mit Verstehen meine ich hier NICHT!!! Kleinreden oder Vergebung geschehenen Unrechts! Dieses Verstehen beziehe ich auf eine erweiterte Betrachtung zu den individuellen Bedingungen und Voraussetzungen, in die die Geschehnisse eingebettet waren.\u00a0\u00dcbergriffiges, verletzendes, respektloses und sch\u00e4digendes Verhalten bleibt \u00fcbergriffig, verletzend, respektlos und sch\u00e4digend! Aber der Blick geht weiter hinter die Kulissen, hin zu den Zw\u00e4ngen, falschen Entscheidungen, seelisch-geistigen Voraussetzungen der &#8222;T\u00e4ter&#8220;.<\/p>\n<p>&nbsp;<\/p>\n<h6 style=\"text-align: justify;\"><strong><span style=\"color: #ff99cc;\"><img decoding=\"async\" loading=\"lazy\" class=\"size-medium wp-image-1211 alignleft\" src=\"http:\/\/ich-offen-sive.de\/wp-content\/uploads\/lotus-1889735_1280violett-300x225.png\" alt=\"lotus-1889735_1280violett\" width=\"60\" height=\"44\" srcset=\"https:\/\/ich-offen-sive.de\/wp-content\/uploads\/lotus-1889735_1280violett-300x225.png 300w, https:\/\/ich-offen-sive.de\/wp-content\/uploads\/lotus-1889735_1280violett-768x576.png 768w, https:\/\/ich-offen-sive.de\/wp-content\/uploads\/lotus-1889735_1280violett-1024x768.png 1024w, https:\/\/ich-offen-sive.de\/wp-content\/uploads\/lotus-1889735_1280violett-830x623.png 830w, https:\/\/ich-offen-sive.de\/wp-content\/uploads\/lotus-1889735_1280violett-550x400.png 550w, https:\/\/ich-offen-sive.de\/wp-content\/uploads\/lotus-1889735_1280violett-230x173.png 230w, https:\/\/ich-offen-sive.de\/wp-content\/uploads\/lotus-1889735_1280violett-350x263.png 350w, https:\/\/ich-offen-sive.de\/wp-content\/uploads\/lotus-1889735_1280violett-480x360.png 480w, https:\/\/ich-offen-sive.de\/wp-content\/uploads\/lotus-1889735_1280violett.png 1280w\" sizes=\"(max-width: 60px) 100vw, 60px\" \/>Es ergibt sich eine Logik\u00a0IHRER Zw\u00e4nge und Beweggr\u00fcnde und ersetzt die Logik, dass es gegen Dich gerichtet war.<\/span><\/strong><\/h6>\n<p style=\"text-align: justify;\">Es gilt auf einen <strong><span style=\"color: #993366;\">inneren Aufschlu\u00df<\/span><\/strong> hinzuarbeiten und quasi das <span style=\"color: #993366;\"><strong>Wunder der Neubetrachtung<\/strong><\/span>, eine Ver\u00e4nderung der Wahrnehmung, zuzulassen.<\/p>\n<p style=\"text-align: justify;\">Um sich dann herausl\u00f6sen zu k\u00f6nnen und endlich &#8222;frei&#8220; zu sein, das jetzige Leben von der damaligen Erfahrung nicht mehr bestimmen zu lassen,\u00a0Abschied zu nehmen\u00a0und\u00a0<strong><span style=\"color: #ff99cc;\">die Erfahrung &#8222;so sein zu lassen wie sie war&#8220;<\/span><\/strong>.<\/p>\n<p style=\"text-align: justify;\">Vor allem vergangen und nicht mehr aktuell!<\/p>\n<p style=\"text-align: justify;\">Es ist wie mit cholerischen oder narzisstischen Menschen. An denen kann man auch nicht rumdoktern. Man kann sie nur so sein lassen, wie sie sind, und\u00a0das eigene\u00a0Leben unabh\u00e4ngig und unbeeindruckt von ihnen, ihren Ausbr\u00fcchen und Man\u00f6vern weiterleben.<\/p>\n<p style=\"text-align: justify;\">Ist\u00a0die <span style=\"color: #993366;\"><strong>eigene innere Position<\/strong><\/span> zu ihnen <strong><span style=\"color: #993366;\">gekl\u00e4rt<\/span><\/strong> und zwar NICHT mit Verurteilung!,\u00a0wohl aber mit der Anerkennung,\u00a0dass <span style=\"text-decoration: underline;\">ihr Verhalten<\/span> destruktiv ist, werden Erleben\u00a0und Kommunikation viel klarer. Es f\u00e4llt\u00a0wesentlich leichter das Verhalten und seine Folgen direkt und klar anzusprechen als sich in pauschalen Aussagen zu verstricken, die viel Interpretationspielraum (f\u00fcr pers\u00f6nliche Verletzungen) bieten oder tendenziell verletzend auf die Person (und nicht auf\u00a0ihre Worte und Handlungen) abzielen.<\/p>\n<p style=\"text-align: justify;\">Der Vergleich hinkt ein wenig, da\u00a0man solchen Menschen u.U. auch aus dem Weg gehen kann &#8230;.den eigenen Erfahrungen nicht.\u00a0Trotzdem hoffe ich, dass Dir dieses Beispiel vermittelt, worum es mir geht.<\/p>\n<p style=\"text-align: justify;\"><img decoding=\"async\" loading=\"lazy\" class=\"alignright size-medium wp-image-549\" src=\"http:\/\/ich-offen-sive.de\/wp-content\/uploads\/monk-458491_1280-300x200.jpg\" alt=\"monk-458491_1280\" width=\"300\" height=\"200\" srcset=\"https:\/\/ich-offen-sive.de\/wp-content\/uploads\/monk-458491_1280-300x200.jpg 300w, https:\/\/ich-offen-sive.de\/wp-content\/uploads\/monk-458491_1280-768x512.jpg 768w, https:\/\/ich-offen-sive.de\/wp-content\/uploads\/monk-458491_1280-1024x682.jpg 1024w, https:\/\/ich-offen-sive.de\/wp-content\/uploads\/monk-458491_1280-830x553.jpg 830w, https:\/\/ich-offen-sive.de\/wp-content\/uploads\/monk-458491_1280-230x153.jpg 230w, https:\/\/ich-offen-sive.de\/wp-content\/uploads\/monk-458491_1280-350x233.jpg 350w, https:\/\/ich-offen-sive.de\/wp-content\/uploads\/monk-458491_1280-480x320.jpg 480w, https:\/\/ich-offen-sive.de\/wp-content\/uploads\/monk-458491_1280-272x182.jpg 272w, https:\/\/ich-offen-sive.de\/wp-content\/uploads\/monk-458491_1280.jpg 1280w\" sizes=\"(max-width: 300px) 100vw, 300px\" \/><\/p>\n<h6 style=\"text-align: justify;\"><\/h6>\n<h6 style=\"text-align: justify;\"><strong><span style=\"color: #ff99cc;\">You&#8217;ve got shit and you ro<img decoding=\"async\" loading=\"lazy\" class=\"size-medium wp-image-1211 alignleft\" src=\"http:\/\/ich-offen-sive.de\/wp-content\/uploads\/lotus-1889735_1280violett-300x225.png\" alt=\"lotus-1889735_1280violett\" width=\"30\" height=\"22\" srcset=\"https:\/\/ich-offen-sive.de\/wp-content\/uploads\/lotus-1889735_1280violett-300x225.png 300w, https:\/\/ich-offen-sive.de\/wp-content\/uploads\/lotus-1889735_1280violett-768x576.png 768w, https:\/\/ich-offen-sive.de\/wp-content\/uploads\/lotus-1889735_1280violett-1024x768.png 1024w, https:\/\/ich-offen-sive.de\/wp-content\/uploads\/lotus-1889735_1280violett-830x623.png 830w, https:\/\/ich-offen-sive.de\/wp-content\/uploads\/lotus-1889735_1280violett-550x400.png 550w, https:\/\/ich-offen-sive.de\/wp-content\/uploads\/lotus-1889735_1280violett-230x173.png 230w, https:\/\/ich-offen-sive.de\/wp-content\/uploads\/lotus-1889735_1280violett-350x263.png 350w, https:\/\/ich-offen-sive.de\/wp-content\/uploads\/lotus-1889735_1280violett-480x360.png 480w, https:\/\/ich-offen-sive.de\/wp-content\/uploads\/lotus-1889735_1280violett.png 1280w\" sizes=\"(max-width: 30px) 100vw, 30px\" \/>se it !\u00a0<\/span><\/strong><\/h6>\n<p style=\"text-align: justify;\">Erst die Selbstkl\u00e4rung, die Wahrnehmung, Anerkennung\u00a0und Meisterung unserer\u00a0 eigenen inneren Situation.\u00a0Dann die Erweiterung nach Au\u00dfen und dortige Kl\u00e4rung gekoppelt an die Einsicht,\u00a0was Du selbst in Deiner Verzweiflung und Ohnmacht &#8222;den Dingen nicht gewachsen zu sein&#8220; mit Deinen Bewertungen\u00a0zur inneren Verletzung beigetragen hattest.<\/p>\n<p>&nbsp;<\/p>\n<h6 style=\"text-align: justify;\"><strong><span style=\"color: #ff99cc;\"><img decoding=\"async\" loading=\"lazy\" class=\"size-medium wp-image-1211 alignleft\" src=\"http:\/\/ich-offen-sive.de\/wp-content\/uploads\/lotus-1889735_1280violett-300x225.png\" alt=\"lotus-1889735_1280violett\" width=\"30\" height=\"22\" srcset=\"https:\/\/ich-offen-sive.de\/wp-content\/uploads\/lotus-1889735_1280violett-300x225.png 300w, https:\/\/ich-offen-sive.de\/wp-content\/uploads\/lotus-1889735_1280violett-768x576.png 768w, https:\/\/ich-offen-sive.de\/wp-content\/uploads\/lotus-1889735_1280violett-1024x768.png 1024w, https:\/\/ich-offen-sive.de\/wp-content\/uploads\/lotus-1889735_1280violett-830x623.png 830w, https:\/\/ich-offen-sive.de\/wp-content\/uploads\/lotus-1889735_1280violett-550x400.png 550w, https:\/\/ich-offen-sive.de\/wp-content\/uploads\/lotus-1889735_1280violett-230x173.png 230w, https:\/\/ich-offen-sive.de\/wp-content\/uploads\/lotus-1889735_1280violett-350x263.png 350w, https:\/\/ich-offen-sive.de\/wp-content\/uploads\/lotus-1889735_1280violett-480x360.png 480w, https:\/\/ich-offen-sive.de\/wp-content\/uploads\/lotus-1889735_1280violett.png 1280w\" sizes=\"(max-width: 30px) 100vw, 30px\" \/>Verstehen l\u00f6st den Hass\u00a0 .. und setzt den Weg frei, die Aufgabe<\/span><\/strong><\/h6>\n<p>&nbsp;<\/p>\n<p style=\"text-align: justify;\">Dazu\u00a0m\u00f6chte ich zwei Kapitel aus meinem Leben mit Dir teilen :<\/p>\n<p style=\"text-align: justify; padding-left: 30px;\">Nach der Geburt bekam ich von meiner Mutter ein Spreiz&#8220;kissen&#8220;, eine mit Binden umwickelte Metallplatte, verpa\u00dft und\u00a0 wurde st\u00e4ndig abgelegt. Meine Mutter wollte mich nicht verw\u00f6hnen und\u00a0selbst das tr\u00f6stende Schaukeln am Kinderwagen empfand sie als negativ. Als Kleinkind wurde ich in meinem Gitterbett fixiert. Rechts und links befestigt konnte ich ausschlie\u00dflich sitzen. Das Beugen der Arme und damit das Daumenlutschen war durch Pappschienen, in denen damals Gl\u00fchbirnen verkauft wurden, blockiert. Meine Mutter litt unter ihren schiefen Z\u00e4hnen und wollte hier besser acht geben auf mich als ihre Mutter es vermocht hatte. Zur Beruhigung\u00a0gab es f\u00fcr mich einen Nuckel, w\u00e4hrend im Wohnzimmer mit G\u00e4sten\u00a0in gem\u00fctlicher Runde zusammen gesessen und gespeist wurde.<\/p>\n<p style=\"text-align: justify; padding-left: 30px;\">Bei den sozialistischen K\u00f6rpervermessungen in der ersten Klasse wurde ich f\u00fcr eine eventuelle Tanzkarriere ausgew\u00e4hlt. Mein Herz war aufgeregt und gl\u00fccklich. Meine Mutter sagte trotz meines Einser-Zeugnisses nein. Sie wollte nicht, dass mein R\u00fccken mit 30 kaputt sei. Ich war 6 Jahre alt und die Tanzschule am anderen Ende der Stadt, 5 km entfernt.<\/p>\n<p style=\"text-align: justify;\"><strong><span style=\"color: #ff99cc;\"><img decoding=\"async\" loading=\"lazy\" class=\"size-medium wp-image-1211 alignleft\" src=\"http:\/\/ich-offen-sive.de\/wp-content\/uploads\/lotus-1889735_1280violett-300x225.png\" alt=\"lotus-1889735_1280violett\" width=\"30\" height=\"22\" srcset=\"https:\/\/ich-offen-sive.de\/wp-content\/uploads\/lotus-1889735_1280violett-300x225.png 300w, https:\/\/ich-offen-sive.de\/wp-content\/uploads\/lotus-1889735_1280violett-768x576.png 768w, https:\/\/ich-offen-sive.de\/wp-content\/uploads\/lotus-1889735_1280violett-1024x768.png 1024w, https:\/\/ich-offen-sive.de\/wp-content\/uploads\/lotus-1889735_1280violett-830x623.png 830w, https:\/\/ich-offen-sive.de\/wp-content\/uploads\/lotus-1889735_1280violett-550x400.png 550w, https:\/\/ich-offen-sive.de\/wp-content\/uploads\/lotus-1889735_1280violett-230x173.png 230w, https:\/\/ich-offen-sive.de\/wp-content\/uploads\/lotus-1889735_1280violett-350x263.png 350w, https:\/\/ich-offen-sive.de\/wp-content\/uploads\/lotus-1889735_1280violett-480x360.png 480w, https:\/\/ich-offen-sive.de\/wp-content\/uploads\/lotus-1889735_1280violett.png 1280w\" sizes=\"(max-width: 30px) 100vw, 30px\" \/><\/span><\/strong><span style=\"color: #ff99cc;\">Was habe ich daraufhin der Welt gegeben?<\/span> Nun, ich habe mehrere Anl\u00e4ufe gebraucht, aber schlie\u00dflich mit der Geburt meiner ersten Tochter eine kontinuierliche Tanzausbildung angefangen und 4 Jahre sp\u00e4ter parallel begonnen, selber Tanzkurse f\u00fcr Frauen anzubieten. 4 weitere Jahre hatte ich eine kleine Tanzgruppe aufgebaut, die es heute noch gibt. Selbst noch einige Jahre nachdem ich nach Frankreich gezogen war und f\u00fcr die Gruppe eine neue Lehrerin gefunden hatte, h\u00f6re ich von meinen ehemaligen Tanzfrauen, dass sie auch im Alltag die eine oder andere Anregung von mir beherzigen.<\/p>\n<p style=\"text-align: justify; padding-left: 30px;\">W\u00e4hrend der ersten zarten Knospen meines eigenen erwachenden (Frauen-)Lebens mu\u00dfte ich mein Zimmer mit meiner langsam dahinsiechenden und sterbenden Oma teilen. Wir waren \u00fcber ein Jahr zwangszusammengepfercht worden und konnten uns am Ende auch nicht einmal von einander verabschieden. Ich blieb von allem ausgeschlossen, nur ihre physische Pr\u00e4senz durfte und hatte <del><\/del><del><\/del><del><\/del><del><\/del><del><\/del>ich zu ertragen.<\/p>\n<p style=\"text-align: justify; padding-left: 30px;\">Wie meine Oma es wohl empfunden hat, ausgerechnet im Zimmer eines jungen M\u00e4dchens, das noch sein ganzes Leben vor sich hat, zu sterben, ist neben allem, was mich betrifft und besch\u00e4ftigt, auch eine sehr berechtigte Frage!<\/p>\n<p style=\"text-align: justify; padding-left: 30px;\">Zu\u00a0den grotesken Bildern und Ger\u00fcchen hatte sich eine gewisse Winterstarre in mein Leben eingebrannt. Ich kam bildlich gesprochen \u00fcber einige zarte Fr\u00fchbl\u00fcher nicht hinaus, obwohl ich st\u00e4ndig K\u00e4lte, Dunkelheit und Anstrengung trotzend die volle Mobilisierungsarbeit f\u00fcr den Aufbruch leistete.<\/p>\n<p style=\"text-align: justify; padding-left: 30px;\">Sieben\u00a0Jahre sp\u00e4ter \u00e4hnelte mein Frauenk\u00f6rper dem meiner todkranken Gro\u00dfmutter. Ich fror, ich hungerte, ich \u00fcberanstrengte mich st\u00e4ndig, schlief kaum und rannte dem Leben hinter(!)her, st\u00e4ndig vom Gef\u00fchl begleitet, dass ich schon alles verpa\u00dft h\u00e4tte und es kaum noch gute Aussichten in meinem Leben g\u00e4be. Zu sp\u00e4t, zu sp\u00e4t!! Alles schien schon unwiederbringlich verpa\u00dft und zu sp\u00e4t. Keine noch so gro\u00dfe Anstrengung konnte verlorene nicht genutzte Chancen zur\u00fcckbringen.<\/p>\n<p style=\"text-align: justify; padding-left: 30px;\">Mit 21 kam der Zusammenbruch &#8211; Eiter \u00fcberall im K\u00f6rper und nur noch Mut zum Sterben. Ich ging in eine Klinik. In meinem K\u00f6rper und in meiner Seele w\u00fcteten K\u00e4mpfe!<\/p>\n<p style=\"text-align: justify;\"><strong><span style=\"color: #ff99cc;\"><img decoding=\"async\" loading=\"lazy\" class=\"size-medium wp-image-1211 alignleft\" src=\"http:\/\/ich-offen-sive.de\/wp-content\/uploads\/lotus-1889735_1280violett-300x225.png\" alt=\"lotus-1889735_1280violett\" width=\"30\" height=\"22\" srcset=\"https:\/\/ich-offen-sive.de\/wp-content\/uploads\/lotus-1889735_1280violett-300x225.png 300w, https:\/\/ich-offen-sive.de\/wp-content\/uploads\/lotus-1889735_1280violett-768x576.png 768w, https:\/\/ich-offen-sive.de\/wp-content\/uploads\/lotus-1889735_1280violett-1024x768.png 1024w, https:\/\/ich-offen-sive.de\/wp-content\/uploads\/lotus-1889735_1280violett-830x623.png 830w, https:\/\/ich-offen-sive.de\/wp-content\/uploads\/lotus-1889735_1280violett-550x400.png 550w, https:\/\/ich-offen-sive.de\/wp-content\/uploads\/lotus-1889735_1280violett-230x173.png 230w, https:\/\/ich-offen-sive.de\/wp-content\/uploads\/lotus-1889735_1280violett-350x263.png 350w, https:\/\/ich-offen-sive.de\/wp-content\/uploads\/lotus-1889735_1280violett-480x360.png 480w, https:\/\/ich-offen-sive.de\/wp-content\/uploads\/lotus-1889735_1280violett.png 1280w\" sizes=\"(max-width: 30px) 100vw, 30px\" \/><\/span><\/strong>Nun, noch einmal 21 Jahre sp\u00e4ter und schweren rezidivierenden Depressionen, streife ich diese alte Haut endlich ab und verstehe das tiefe Frauenleid meiner Mutter, ihrer Schwester und meiner Oma ausgel\u00f6st durch Krieg, Vertreibung und Flucht. Ich verstehe aus tiefstem Herzen, dass sie ihr Bestes gegeben haben und all ihre &#8222;unbedachten&#8220; und scheinbar gef\u00fchlskalten Akte mir gegen\u00fcber einer Unf\u00e4higkeit und dem Wunsch\u00a0 entsprungen waren, mich vor diesem in ihnen lebendigen Grauen zu sch\u00fctzen. Ich kann es jetzt so sein lassen wie es war. Ich muss es nicht mehr mit gut oder sogar b\u00f6se, mit liebevoll oder\u00a0lieblos bewerten. Ich anerkenne meine Erfahrungen (des Hungerns und Frierens in dieser Familie). Aber ich anerkenne auch ihren Lebensweg und ihre Bem\u00fchungen. Beides. <span style=\"color: #ff99cc;\"><strong>Ich verstehe, dass ihr Handeln\u00a0AUS IHRER Geschichte\u00a0und ihrer Gef\u00fchls&#8220;balance&#8220; entsprungen ist und NICHT aus meiner Minderwertigkeit etc. etc. .<\/strong><\/span><\/p>\n<p><strong><span style=\"color: #ff99cc;\"><img decoding=\"async\" loading=\"lazy\" class=\"wp-image-1211 aligncenter\" src=\"http:\/\/ich-offen-sive.de\/wp-content\/uploads\/lotus-1889735_1280violett-300x225.png\" alt=\"lotus-1889735_1280violett\" width=\"100\" height=\"73\" \/><\/span><\/strong><\/p>\n<p><span style=\"color: #808080;\">Ich habe gelernt, dass oft Dinge sind wie sie sind, dass wir nicht unbedingt an ihnen r\u00fctteln m\u00fcssen im Sinne von Ver\u00e4ndern, Wiedergutmachen, Ausl\u00f6schen und dgl.. <\/span><\/p>\n<h6 style=\"text-align: justify;\"><span style=\"color: #993366;\">Oft verlangt es lediglich eine Geste <strong>das Schweigen zu beenden<\/strong>, Ereignisse und ihre Auswirkungen anzuerkennen, ihnen \u00fcberhaupt einen Platz einzur\u00e4umen!<\/span>\u00a0<span style=\"color: #999999;\">(Ohne das Grausame als nicht mehr grausam zu leugnen!)\u00a0<\/span><\/h6>\n<p style=\"text-align: justify;\"><span style=\"color: #808080;\">Eine sinnvolle Seelenarbeit f\u00fcr uns selbst und unsere engsten Vertrauten, die Menschen in unserem Umfeld und nicht zuletzt f\u00fcr den Frieden \u00fcberhaupt.<\/span><\/p>\n<p style=\"text-align: justify;\">In meine Seele ist dieser Frieden eingekehrt. Ich f\u00fchle mich stark DURCH meine Eltern und Gro\u00dfeltern und nicht l\u00e4nger von ihnen geschw\u00e4cht. Ich gehe mutig durch mein Leben, weil ich einerseits wei\u00df, was mensch alles \u00fcberleben und ertragen kann; und andererseits daraus direkt ableite, <strong><span style=\"color: #993366;\">WAS wir alles schaffen k\u00f6nnen!!<\/span><\/strong><\/p>\n<p>&nbsp;<\/p>\n<p style=\"text-align: justify;\">Ich w\u00fcnsche Euch allen aus tiefstem <img decoding=\"async\" loading=\"lazy\" class=\"alignnone wp-image-744\" src=\"http:\/\/ich-offen-sive.de\/wp-content\/uploads\/herz-294x300.png\" alt=\"herz\" width=\"35\" height=\"36\" srcset=\"https:\/\/ich-offen-sive.de\/wp-content\/uploads\/herz-294x300.png 294w, https:\/\/ich-offen-sive.de\/wp-content\/uploads\/herz-150x150.png 150w, https:\/\/ich-offen-sive.de\/wp-content\/uploads\/herz-64x64.png 64w, https:\/\/ich-offen-sive.de\/wp-content\/uploads\/herz-230x235.png 230w, https:\/\/ich-offen-sive.de\/wp-content\/uploads\/herz.png 348w\" sizes=\"(max-width: 35px) 100vw, 35px\" \/>Herzen diesen\u00a0Seelenfrieden und den Mut, verst\u00e4ndnisvoll hinter die schweren Vorh\u00e4nge des Leidens zu schauen!!!<\/p>","protected":false},"excerpt":{"rendered":"<p>Der SEEROSEN-WEG Unter Deinem tiefsten Trauma wartet Dein gr\u00f6\u00dftes Potenzial auf Dich\u00a0 Wie Du innere Freiheit und inneren Frieden durch Neubetrachtung erlangen kannst, dabei mentale St\u00e4rke aufbaust und Deinen Lebensweg besser erkennst. Eingebettet in modrigen kaum Halt bietenden dunklen\u00a0Morast w\u00e4chst das Wurzelrhizom und an bis zu drei Meter langen St\u00e4ngeln erhebt sich \u00fcber diese tr\u00fcben [&hellip;]<\/p>","protected":false},"author":1,"featured_media":1153,"comment_status":"open","ping_status":"open","sticky":false,"template":"","format":"standard","meta":{"jetpack_post_was_ever_published":false,"footnotes":"","jetpack_publicize_message":"","jetpack_is_tweetstorm":false,"jetpack_publicize_feature_enabled":true,"jetpack_social_post_already_shared":false,"jetpack_social_options":{"image_generator_settings":{"template":"highway","enabled":false}}},"categories":[1],"tags":[10,12,34,35,21,23,11,28,20,40],"jetpack_publicize_connections":[],"yoast_head":"<!-- This site is optimized with the Yoast SEO plugin v20.4 - https:\/\/yoast.com\/wordpress\/plugins\/seo\/ -->\n<title>DER SEEROSEN-WEG Trauma in Potential umwandeln<\/title>\n<meta name=\"description\" content=\"Unter Deinem tiefsten Trauma wartet Dein gr\u00f6\u00dftes Potential auf Dich - Wie Du innere Freiheit und inneren Frieden erlangen kannst\" \/>\n<meta name=\"robots\" content=\"index, follow, max-snippet:-1, max-image-preview:large, max-video-preview:-1\" \/>\n<link rel=\"canonical\" href=\"https:\/\/ich-offen-sive.de\/fr\/der-seerosen-weg\/\" \/>\n<meta property=\"og:locale\" content=\"fr_FR\" \/>\n<meta property=\"og:type\" content=\"article\" \/>\n<meta property=\"og:title\" content=\"DER SEEROSEN-WEG Trauma in Potential umwandeln\" \/>\n<meta property=\"og:description\" content=\"Unter Deinem tiefsten Trauma wartet Dein gr\u00f6\u00dftes Potential auf Dich - Wie Du innere Freiheit und inneren Frieden erlangen kannst\" \/>\n<meta property=\"og:url\" content=\"https:\/\/ich-offen-sive.de\/fr\/der-seerosen-weg\/\" \/>\n<meta property=\"article:published_time\" content=\"2018-02-15T22:28:12+00:00\" \/>\n<meta property=\"article:modified_time\" content=\"2018-02-16T22:18:11+00:00\" \/>\n<meta property=\"og:image\" content=\"https:\/\/ich-offen-sive.de\/wp-content\/uploads\/nature-846059_1280.jpg\" \/>\n\t<meta property=\"og:image:width\" content=\"1280\" \/>\n\t<meta property=\"og:image:height\" content=\"853\" \/>\n\t<meta property=\"og:image:type\" content=\"image\/jpeg\" \/>\n<meta name=\"author\" content=\"Kattka\" \/>\n<meta name=\"twitter:card\" content=\"summary_large_image\" \/>\n<meta name=\"twitter:label1\" content=\"\u00c9crit par\" \/>\n\t<meta name=\"twitter:data1\" content=\"Kattka\" \/>\n\t<meta name=\"twitter:label2\" content=\"Dur\u00e9e de lecture estim\u00e9e\" \/>\n\t<meta name=\"twitter:data2\" content=\"10 minutes\" \/>\n<script type=\"application\/ld+json\" class=\"yoast-schema-graph\">{\"@context\":\"https:\/\/schema.org\",\"@graph\":[{\"@type\":\"WebPage\",\"@id\":\"https:\/\/ich-offen-sive.de\/der-seerosen-weg\/\",\"url\":\"https:\/\/ich-offen-sive.de\/der-seerosen-weg\/\",\"name\":\"DER SEEROSEN-WEG Trauma in Potential umwandeln\",\"isPartOf\":{\"@id\":\"https:\/\/ich-offen-sive.de\/#website\"},\"datePublished\":\"2018-02-15T22:28:12+00:00\",\"dateModified\":\"2018-02-16T22:18:11+00:00\",\"author\":{\"@id\":\"https:\/\/ich-offen-sive.de\/#\/schema\/person\/aefa4d38c4e1064a71a6c9bcab5e7b3e\"},\"description\":\"Unter Deinem tiefsten Trauma wartet Dein gr\u00f6\u00dftes Potential auf Dich - Wie Du innere Freiheit und inneren Frieden erlangen kannst\",\"breadcrumb\":{\"@id\":\"https:\/\/ich-offen-sive.de\/der-seerosen-weg\/#breadcrumb\"},\"inLanguage\":\"fr-FR\",\"potentialAction\":[{\"@type\":\"ReadAction\",\"target\":[\"https:\/\/ich-offen-sive.de\/der-seerosen-weg\/\"]}]},{\"@type\":\"BreadcrumbList\",\"@id\":\"https:\/\/ich-offen-sive.de\/der-seerosen-weg\/#breadcrumb\",\"itemListElement\":[{\"@type\":\"ListItem\",\"position\":1,\"name\":\"Accueil\",\"item\":\"https:\/\/ich-offen-sive.de\/\"},{\"@type\":\"ListItem\",\"position\":2,\"name\":\"Der SEEROSEN-WEG\"}]},{\"@type\":\"WebSite\",\"@id\":\"https:\/\/ich-offen-sive.de\/#website\",\"url\":\"https:\/\/ich-offen-sive.de\/\",\"name\":\"\",\"description\":\"Stark &amp; liebevoll beginnt bei DIR selbst\",\"potentialAction\":[{\"@type\":\"SearchAction\",\"target\":{\"@type\":\"EntryPoint\",\"urlTemplate\":\"https:\/\/ich-offen-sive.de\/?s={search_term_string}\"},\"query-input\":\"required name=search_term_string\"}],\"inLanguage\":\"fr-FR\"},{\"@type\":\"Person\",\"@id\":\"https:\/\/ich-offen-sive.de\/#\/schema\/person\/aefa4d38c4e1064a71a6c9bcab5e7b3e\",\"name\":\"Kattka\",\"image\":{\"@type\":\"ImageObject\",\"inLanguage\":\"fr-FR\",\"@id\":\"https:\/\/ich-offen-sive.de\/#\/schema\/person\/image\/\",\"url\":\"https:\/\/secure.gravatar.com\/avatar\/f43e5f4f61956c8376046fe728d5e631?s=96&d=blank&r=g\",\"contentUrl\":\"https:\/\/secure.gravatar.com\/avatar\/f43e5f4f61956c8376046fe728d5e631?s=96&d=blank&r=g\",\"caption\":\"Kattka\"},\"url\":\"https:\/\/ich-offen-sive.de\/fr\/author\/kattka\/\"}]}<\/script>\n<!-- \/ Yoast SEO plugin. -->","yoast_head_json":{"title":"DER SEEROSEN-WEG Trauma in Potential umwandeln","description":"Unter Deinem tiefsten Trauma wartet Dein gr\u00f6\u00dftes Potential auf Dich - Wie Du innere Freiheit und inneren Frieden erlangen kannst","robots":{"index":"index","follow":"follow","max-snippet":"max-snippet:-1","max-image-preview":"max-image-preview:large","max-video-preview":"max-video-preview:-1"},"canonical":"https:\/\/ich-offen-sive.de\/fr\/der-seerosen-weg\/","og_locale":"fr_FR","og_type":"article","og_title":"DER SEEROSEN-WEG Trauma in Potential umwandeln","og_description":"Unter Deinem tiefsten Trauma wartet Dein gr\u00f6\u00dftes Potential auf Dich - Wie Du innere Freiheit und inneren Frieden erlangen kannst","og_url":"https:\/\/ich-offen-sive.de\/fr\/der-seerosen-weg\/","article_published_time":"2018-02-15T22:28:12+00:00","article_modified_time":"2018-02-16T22:18:11+00:00","og_image":[{"width":1280,"height":853,"url":"https:\/\/ich-offen-sive.de\/wp-content\/uploads\/nature-846059_1280.jpg","type":"image\/jpeg"}],"author":"Kattka","twitter_card":"summary_large_image","twitter_misc":{"\u00c9crit par":"Kattka","Dur\u00e9e de lecture estim\u00e9e":"10 minutes"},"schema":{"@context":"https:\/\/schema.org","@graph":[{"@type":"WebPage","@id":"https:\/\/ich-offen-sive.de\/der-seerosen-weg\/","url":"https:\/\/ich-offen-sive.de\/der-seerosen-weg\/","name":"DER SEEROSEN-WEG Trauma in Potential umwandeln","isPartOf":{"@id":"https:\/\/ich-offen-sive.de\/#website"},"datePublished":"2018-02-15T22:28:12+00:00","dateModified":"2018-02-16T22:18:11+00:00","author":{"@id":"https:\/\/ich-offen-sive.de\/#\/schema\/person\/aefa4d38c4e1064a71a6c9bcab5e7b3e"},"description":"Unter Deinem tiefsten Trauma wartet Dein gr\u00f6\u00dftes Potential auf Dich - Wie Du innere Freiheit und inneren Frieden erlangen kannst","breadcrumb":{"@id":"https:\/\/ich-offen-sive.de\/der-seerosen-weg\/#breadcrumb"},"inLanguage":"fr-FR","potentialAction":[{"@type":"ReadAction","target":["https:\/\/ich-offen-sive.de\/der-seerosen-weg\/"]}]},{"@type":"BreadcrumbList","@id":"https:\/\/ich-offen-sive.de\/der-seerosen-weg\/#breadcrumb","itemListElement":[{"@type":"ListItem","position":1,"name":"Accueil","item":"https:\/\/ich-offen-sive.de\/"},{"@type":"ListItem","position":2,"name":"Der SEEROSEN-WEG"}]},{"@type":"WebSite","@id":"https:\/\/ich-offen-sive.de\/#website","url":"https:\/\/ich-offen-sive.de\/","name":"","description":"Stark &amp; liebevoll beginnt bei DIR selbst","potentialAction":[{"@type":"SearchAction","target":{"@type":"EntryPoint","urlTemplate":"https:\/\/ich-offen-sive.de\/?s={search_term_string}"},"query-input":"required name=search_term_string"}],"inLanguage":"fr-FR"},{"@type":"Person","@id":"https:\/\/ich-offen-sive.de\/#\/schema\/person\/aefa4d38c4e1064a71a6c9bcab5e7b3e","name":"Kattka","image":{"@type":"ImageObject","inLanguage":"fr-FR","@id":"https:\/\/ich-offen-sive.de\/#\/schema\/person\/image\/","url":"https:\/\/secure.gravatar.com\/avatar\/f43e5f4f61956c8376046fe728d5e631?s=96&d=blank&r=g","contentUrl":"https:\/\/secure.gravatar.com\/avatar\/f43e5f4f61956c8376046fe728d5e631?s=96&d=blank&r=g","caption":"Kattka"},"url":"https:\/\/ich-offen-sive.de\/fr\/author\/kattka\/"}]}},"jetpack_featured_media_url":"https:\/\/ich-offen-sive.de\/wp-content\/uploads\/nature-846059_1280.jpg","jetpack_sharing_enabled":true,"jetpack_shortlink":"https:\/\/wp.me\/p804zd-iA","_links":{"self":[{"href":"https:\/\/ich-offen-sive.de\/fr\/wp-json\/wp\/v2\/posts\/1152"}],"collection":[{"href":"https:\/\/ich-offen-sive.de\/fr\/wp-json\/wp\/v2\/posts"}],"about":[{"href":"https:\/\/ich-offen-sive.de\/fr\/wp-json\/wp\/v2\/types\/post"}],"author":[{"embeddable":true,"href":"https:\/\/ich-offen-sive.de\/fr\/wp-json\/wp\/v2\/users\/1"}],"replies":[{"embeddable":true,"href":"https:\/\/ich-offen-sive.de\/fr\/wp-json\/wp\/v2\/comments?post=1152"}],"version-history":[{"count":10,"href":"https:\/\/ich-offen-sive.de\/fr\/wp-json\/wp\/v2\/posts\/1152\/revisions"}],"predecessor-version":[{"id":1377,"href":"https:\/\/ich-offen-sive.de\/fr\/wp-json\/wp\/v2\/posts\/1152\/revisions\/1377"}],"wp:featuredmedia":[{"embeddable":true,"href":"https:\/\/ich-offen-sive.de\/fr\/wp-json\/wp\/v2\/media\/1153"}],"wp:attachment":[{"href":"https:\/\/ich-offen-sive.de\/fr\/wp-json\/wp\/v2\/media?parent=1152"}],"wp:term":[{"taxonomy":"category","embeddable":true,"href":"https:\/\/ich-offen-sive.de\/fr\/wp-json\/wp\/v2\/categories?post=1152"},{"taxonomy":"post_tag","embeddable":true,"href":"https:\/\/ich-offen-sive.de\/fr\/wp-json\/wp\/v2\/tags?post=1152"}],"curies":[{"name":"wp","href":"https:\/\/api.w.org\/{rel}","templated":true}]}}